{"id":2035,"date":"2024-08-28T09:24:53","date_gmt":"2024-08-28T07:24:53","guid":{"rendered":"https:\/\/www.italiaisraele.org\/?p=2035"},"modified":"2024-11-25T12:05:56","modified_gmt":"2024-11-25T11:05:56","slug":"la-licenza-di-odiare","status":"publish","type":"post","link":"https:\/\/www.italiaisraele.org\/?p=2035","title":{"rendered":"La licenza di odiare"},"content":{"rendered":"\n<p>di Mario Adinolfi<\/p>\n\n\n\n<figure class=\"wp-block-image size-full is-resized\"><img loading=\"lazy\" decoding=\"async\" width=\"165\" height=\"228\" src=\"https:\/\/www.italiaisraele.org\/wp-content\/uploads\/2024\/08\/Adinolfi.jpg\" alt=\"\" class=\"wp-image-2036\" style=\"width:117px;height:auto\"\/><\/figure>\n\n\n\n<p>L\u2019estate si \u00e8 aperta con l\u2019inchiesta di Fanpage, rilanciata dal programma tv Piazza Pulita su La7, che con una videocamera nascosta registr\u00f2 alcune battute di sapore antisemita di una dirigente del movimento giovanile di Fratelli d\u2019Italia, Flaminia Pace, che irrideva la senatrice ebrea Ester Mieli. L\u2019inchiesta di Fanpage domin\u00f2 le prime pagine per giorni fino a diventare caso internazionale. Corrado Formigli e Roberto Saviano tennero convegni denunciando l\u2019antisemitismo dei giovani seguaci della Meloni e la Pace fu costretta alle dimissioni. Ieri \u00e8 arrivata l\u2019apertura di un\u2019inchiesta della magistratura per istigazione all\u2019odio razziale per la scrittrice Cecilia Parodi, che il movimento giovanile del Partito democratico volle a febbraio come ospite d\u2019onore del suo convegno sulla Palestina. In un video, non rubato ma da lei stessa registrato, dichiara: <strong>\u201cOdio tutti gli ebrei, tutti. Se un giorno dovessi vedervi tutti appesi per i piedi, non basta piazzale Loreto, serve piazza Tien An Men per appendervi tutti. Io ve lo giuro sar\u00f2 in prima fila per sputarvi addosso\u201d.<\/strong><br>La notizia dell\u2019apertura dell\u2019inchiesta, della magistratura e non di Fanpage, non \u00e8 su nessuna prima pagina nonostante la denuncia abbia una firma autorevole, quella della senatrice a vita <strong>Liliana Segre<\/strong>. Nei pochi trafiletti che troverete, nessuno chiede conto ai giovani del Pd del palco offerto a questo antisemitismo viscerale, che \u00e8 proprio di vaste porzioni della sinistra allenate all\u2019odio. Persino Bersani oggi rivendica in un\u2019intervista il proprio \u201cdiritto\u201d ad insultare un avversario politico e poi addita, vai a capire perch\u00e9, di punto in bianco \u201cgli antiabortisti nei consultori\u201d.<\/p>\n\n\n\n<figure class=\"wp-block-image size-full\"><img loading=\"lazy\" decoding=\"async\" width=\"690\" height=\"362\" src=\"https:\/\/www.italiaisraele.org\/wp-content\/uploads\/2024\/08\/parodi-segre-1200-690x362-1.jpg\" alt=\"\" class=\"wp-image-2037\" srcset=\"https:\/\/www.italiaisraele.org\/wp-content\/uploads\/2024\/08\/parodi-segre-1200-690x362-1.jpg 690w, https:\/\/www.italiaisraele.org\/wp-content\/uploads\/2024\/08\/parodi-segre-1200-690x362-1-300x157.jpg 300w, https:\/\/www.italiaisraele.org\/wp-content\/uploads\/2024\/08\/parodi-segre-1200-690x362-1-600x315.jpg 600w\" sizes=\"auto, (max-width: 690px) 100vw, 690px\" \/><\/figure>\n\n\n\n<p><em>(Cecilia Parodi e Liliana Segre)<\/em><\/p>\n\n\n\n<p>Alla sinistra sembra essere concessa la licenza di odiare, non so quanti commenti ho letto sui social questa estate di persone rammaricate per quel centimetro che ha salvato Trump da un proiettile in testa. \u00c8 stata un\u2019estate molto calda ma le sole teste politiche a cadere sono state quelle della giovane Flaminia Pace il 27 giugno dopo l\u2019inchiesta di Fanpage sull\u2019antisemitismo a destra e quella dell\u2019anziano Joe Biden il 21 luglio dopo una campagna di stampa che lo ha improvvisamente descritto come demente dopo aver sostenuto per anni che chi parlava della sua inadeguatezza era un complottista spacciatore di fake news.<br>I media sono ormai usati come clave, ma della verit\u00e0 hanno paura. L\u2019odio viscerale che la sinistra prova verso chi si frappone ai propri disegni \u00e8 uno dei temi tab\u00f9, io lo trovo interessante perch\u00e9 non \u00e8 un odio contraccambiato, \u00e8 unidirezionale. <\/p>\n\n\n\n<p>Nessuno si sognerebbe mai di andare a contestare da destra un esponente di sinistra, di impedirne la parola o la presentazione di un libro. Nessuno da destra andrebbe a incendiare, vandalizzare o spaccare le vetrine di una sede proaborto come si fa invece contro i pro-life. Nessun sindaco di destra vieterebbe il concerto di un cantante di sinistra, come invece \u00e8 stato fatto con 40 concerti di Povia, colpevole nel 2009 di essere arrivato secondo a Sanremo con &#8220;Luca era gay&#8221;.<\/p>\n\n\n\n<figure class=\"wp-block-image size-large is-resized\"><img loading=\"lazy\" decoding=\"async\" width=\"1024\" height=\"635\" src=\"https:\/\/www.italiaisraele.org\/wp-content\/uploads\/2024\/08\/ebrei-e-cani-la-vita-e-bella-1024x635.jpg\" alt=\"\" class=\"wp-image-2038\" style=\"width:516px;height:auto\" srcset=\"https:\/\/www.italiaisraele.org\/wp-content\/uploads\/2024\/08\/ebrei-e-cani-la-vita-e-bella-1024x635.jpg 1024w, https:\/\/www.italiaisraele.org\/wp-content\/uploads\/2024\/08\/ebrei-e-cani-la-vita-e-bella-300x186.jpg 300w, https:\/\/www.italiaisraele.org\/wp-content\/uploads\/2024\/08\/ebrei-e-cani-la-vita-e-bella-768x476.jpg 768w, https:\/\/www.italiaisraele.org\/wp-content\/uploads\/2024\/08\/ebrei-e-cani-la-vita-e-bella-600x372.jpg 600w, https:\/\/www.italiaisraele.org\/wp-content\/uploads\/2024\/08\/ebrei-e-cani-la-vita-e-bella.jpg 1200w\" sizes=\"auto, (max-width: 1024px) 100vw, 1024px\" \/><\/figure>\n\n\n\n<p><br>Nessuno andrebbe mai con una telecamera nascosta a infiltrare per settimane un movimento di sinistra filopalestinese per scoprire se ci sono tracce di antisemitismo. E se un video insopportabilmente antisemita emerge di una scrittrice di sinistra, niente prime pagine, solo qualche imbarazzato e imbarazzante trafiletto solo perch\u00e9 la scrittrice \u00e8 finita sotto inchiesta per una denuncia di Liliana Segre. Bisogna capire perch\u00e9 alla sinistra \u00e8 concessa la licenza di odiare. Consiglio a Fanpage, Piazza Pulita e Roberto Saviano di attrezzarsi per questa nuova indagine intellettuale, sono certo che le loro attenzioni non abbiano un\u2019ossessione unidirezionale. O forse mi sbaglio?<\/p>\n","protected":false},"excerpt":{"rendered":"<p>di Mario Adinolfi L\u2019estate si \u00e8 aperta con l\u2019inchiesta di Fanpage, rilanciata dal programma tv Piazza Pulita su La7, che con una videocamera nascosta registr\u00f2 alcune battute di sapore antisemita di una dirigente del movimento giovanile di Fratelli d\u2019Italia, Flaminia Pace, che irrideva la senatrice ebrea Ester Mieli. L\u2019inchiesta di Fanpage domin\u00f2 le prime pagine [&hellip;]<\/p>\n","protected":false},"author":4,"featured_media":2040,"comment_status":"open","ping_status":"closed","sticky":false,"template":"","format":"standard","meta":{"iawp_total_views":171,"footnotes":""},"categories":[4],"tags":[40,272,455,457],"class_list":["post-2035","post","type-post","status-publish","format-standard","has-post-thumbnail","hentry","category-attualita","tag-antisemitismo","tag-federazione-italia-israele-2","tag-liliana-segre","tag-mario-adinolfi"],"yoast_head":"<!-- This site is optimized with the Yoast SEO plugin v27.5 - https:\/\/yoast.com\/product\/yoast-seo-wordpress\/ -->\r\n<title>La licenza di odiare - Federazione Associazioni Italia Israele<\/title>\r\n<meta name=\"robots\" content=\"index, follow, max-snippet:-1, max-image-preview:large, max-video-preview:-1\" \/>\r\n<link rel=\"canonical\" href=\"https:\/\/www.italiaisraele.org\/?p=2035\" \/>\r\n<meta property=\"og:locale\" content=\"it_IT\" \/>\r\n<meta property=\"og:type\" content=\"article\" \/>\r\n<meta property=\"og:title\" content=\"La licenza di odiare - Federazione Associazioni Italia Israele\" \/>\r\n<meta property=\"og:description\" content=\"di Mario Adinolfi L\u2019estate si \u00e8 aperta con l\u2019inchiesta di Fanpage, rilanciata dal programma tv Piazza Pulita su La7, che con una videocamera nascosta registr\u00f2 alcune battute di sapore antisemita di una dirigente del movimento giovanile di Fratelli d\u2019Italia, Flaminia Pace, che irrideva la senatrice ebrea Ester Mieli. L\u2019inchiesta di Fanpage domin\u00f2 le prime pagine [&hellip;]\" \/>\r\n<meta property=\"og:url\" content=\"https:\/\/www.italiaisraele.org\/?p=2035\" \/>\r\n<meta property=\"og:site_name\" content=\"Federazione Associazioni Italia Israele\" \/>\r\n<meta property=\"article:publisher\" content=\"https:\/\/www.facebook.com\/Federazione.Associazioni.Italia.Israele\" \/>\r\n<meta property=\"article:published_time\" content=\"2024-08-28T07:24:53+00:00\" \/>\r\n<meta property=\"article:modified_time\" content=\"2024-11-25T11:05:56+00:00\" \/>\r\n<meta property=\"og:image\" content=\"https:\/\/www.italiaisraele.org\/wp-content\/uploads\/2024\/08\/parodi-segre-1200-690x362-2.jpg\" \/>\r\n\t<meta property=\"og:image:width\" content=\"690\" \/>\r\n\t<meta property=\"og:image:height\" content=\"362\" \/>\r\n\t<meta property=\"og:image:type\" content=\"image\/jpeg\" \/>\r\n<meta name=\"author\" content=\"Giuseppe Crimaldi\" \/>\r\n<meta name=\"twitter:card\" content=\"summary_large_image\" \/>\r\n<meta name=\"twitter:label1\" content=\"Scritto da\" \/>\n\t<meta name=\"twitter:data1\" content=\"Giuseppe Crimaldi\" \/>\n\t<meta name=\"twitter:label2\" content=\"Tempo di lettura stimato\" \/>\n\t<meta name=\"twitter:data2\" content=\"4 minuti\" \/>\r\n<script type=\"application\/ld+json\" class=\"yoast-schema-graph\">{\"@context\":\"https:\\\/\\\/schema.org\",\"@graph\":[{\"@type\":\"Article\",\"@id\":\"https:\\\/\\\/www.italiaisraele.org\\\/?p=2035#article\",\"isPartOf\":{\"@id\":\"https:\\\/\\\/www.italiaisraele.org\\\/?p=2035\"},\"author\":{\"name\":\"Giuseppe Crimaldi\",\"@id\":\"https:\\\/\\\/www.italiaisraele.org\\\/#\\\/schema\\\/person\\\/7784c17a23e6ef9cb737f3192f043fab\"},\"headline\":\"La licenza di odiare\",\"datePublished\":\"2024-08-28T07:24:53+00:00\",\"dateModified\":\"2024-11-25T11:05:56+00:00\",\"mainEntityOfPage\":{\"@id\":\"https:\\\/\\\/www.italiaisraele.org\\\/?p=2035\"},\"wordCount\":591,\"commentCount\":3,\"publisher\":{\"@id\":\"https:\\\/\\\/www.italiaisraele.org\\\/#organization\"},\"image\":{\"@id\":\"https:\\\/\\\/www.italiaisraele.org\\\/?p=2035#primaryimage\"},\"thumbnailUrl\":\"https:\\\/\\\/www.italiaisraele.org\\\/wp-content\\\/uploads\\\/2024\\\/08\\\/parodi-segre-1200-690x362-2.jpg\",\"keywords\":[\"Antisemitismo\",\"Federazione Italia-Israele\",\"Liliana Segre\",\"Mario Adinolfi\"],\"articleSection\":[\"Attualit\u00e0\"],\"inLanguage\":\"it-IT\",\"potentialAction\":[{\"@type\":\"CommentAction\",\"name\":\"Comment\",\"target\":[\"https:\\\/\\\/www.italiaisraele.org\\\/?p=2035#respond\"]}]},{\"@type\":\"WebPage\",\"@id\":\"https:\\\/\\\/www.italiaisraele.org\\\/?p=2035\",\"url\":\"https:\\\/\\\/www.italiaisraele.org\\\/?p=2035\",\"name\":\"La licenza di odiare - Federazione Associazioni Italia Israele\",\"isPartOf\":{\"@id\":\"https:\\\/\\\/www.italiaisraele.org\\\/#website\"},\"primaryImageOfPage\":{\"@id\":\"https:\\\/\\\/www.italiaisraele.org\\\/?p=2035#primaryimage\"},\"image\":{\"@id\":\"https:\\\/\\\/www.italiaisraele.org\\\/?p=2035#primaryimage\"},\"thumbnailUrl\":\"https:\\\/\\\/www.italiaisraele.org\\\/wp-content\\\/uploads\\\/2024\\\/08\\\/parodi-segre-1200-690x362-2.jpg\",\"datePublished\":\"2024-08-28T07:24:53+00:00\",\"dateModified\":\"2024-11-25T11:05:56+00:00\",\"breadcrumb\":{\"@id\":\"https:\\\/\\\/www.italiaisraele.org\\\/?p=2035#breadcrumb\"},\"inLanguage\":\"it-IT\",\"potentialAction\":[{\"@type\":\"ReadAction\",\"target\":[\"https:\\\/\\\/www.italiaisraele.org\\\/?p=2035\"]}]},{\"@type\":\"ImageObject\",\"inLanguage\":\"it-IT\",\"@id\":\"https:\\\/\\\/www.italiaisraele.org\\\/?p=2035#primaryimage\",\"url\":\"https:\\\/\\\/www.italiaisraele.org\\\/wp-content\\\/uploads\\\/2024\\\/08\\\/parodi-segre-1200-690x362-2.jpg\",\"contentUrl\":\"https:\\\/\\\/www.italiaisraele.org\\\/wp-content\\\/uploads\\\/2024\\\/08\\\/parodi-segre-1200-690x362-2.jpg\",\"width\":690,\"height\":362},{\"@type\":\"BreadcrumbList\",\"@id\":\"https:\\\/\\\/www.italiaisraele.org\\\/?p=2035#breadcrumb\",\"itemListElement\":[{\"@type\":\"ListItem\",\"position\":1,\"name\":\"Home\",\"item\":\"https:\\\/\\\/www.italiaisraele.org\\\/\"},{\"@type\":\"ListItem\",\"position\":2,\"name\":\"La licenza di odiare\"}]},{\"@type\":\"WebSite\",\"@id\":\"https:\\\/\\\/www.italiaisraele.org\\\/#website\",\"url\":\"https:\\\/\\\/www.italiaisraele.org\\\/\",\"name\":\"News Italia - Israele\",\"description\":\"Italia Israele Today - Magazine\",\"publisher\":{\"@id\":\"https:\\\/\\\/www.italiaisraele.org\\\/#organization\"},\"potentialAction\":[{\"@type\":\"SearchAction\",\"target\":{\"@type\":\"EntryPoint\",\"urlTemplate\":\"https:\\\/\\\/www.italiaisraele.org\\\/?s={search_term_string}\"},\"query-input\":{\"@type\":\"PropertyValueSpecification\",\"valueRequired\":true,\"valueName\":\"search_term_string\"}}],\"inLanguage\":\"it-IT\"},{\"@type\":\"Organization\",\"@id\":\"https:\\\/\\\/www.italiaisraele.org\\\/#organization\",\"name\":\"News Italia - Israele\",\"url\":\"https:\\\/\\\/www.italiaisraele.org\\\/\",\"logo\":{\"@type\":\"ImageObject\",\"inLanguage\":\"it-IT\",\"@id\":\"https:\\\/\\\/www.italiaisraele.org\\\/#\\\/schema\\\/logo\\\/image\\\/\",\"url\":\"https:\\\/\\\/www.italiaisraele.org\\\/wp-content\\\/uploads\\\/2024\\\/02\\\/cropped-cropped-TESTATA-NEWS-2.jpg\",\"contentUrl\":\"https:\\\/\\\/www.italiaisraele.org\\\/wp-content\\\/uploads\\\/2024\\\/02\\\/cropped-cropped-TESTATA-NEWS-2.jpg\",\"width\":1918,\"height\":291,\"caption\":\"News Italia - Israele\"},\"image\":{\"@id\":\"https:\\\/\\\/www.italiaisraele.org\\\/#\\\/schema\\\/logo\\\/image\\\/\"},\"sameAs\":[\"https:\\\/\\\/www.facebook.com\\\/Federazione.Associazioni.Italia.Israele\"]},{\"@type\":\"Person\",\"@id\":\"https:\\\/\\\/www.italiaisraele.org\\\/#\\\/schema\\\/person\\\/7784c17a23e6ef9cb737f3192f043fab\",\"name\":\"Giuseppe Crimaldi\",\"image\":{\"@type\":\"ImageObject\",\"inLanguage\":\"it-IT\",\"@id\":\"https:\\\/\\\/secure.gravatar.com\\\/avatar\\\/a6ddf67481d5d5efef9847e6f4c99a77e7129e93382ea6de1e9ea96b8deec707?s=96&d=mm&r=g\",\"url\":\"https:\\\/\\\/secure.gravatar.com\\\/avatar\\\/a6ddf67481d5d5efef9847e6f4c99a77e7129e93382ea6de1e9ea96b8deec707?s=96&d=mm&r=g\",\"contentUrl\":\"https:\\\/\\\/secure.gravatar.com\\\/avatar\\\/a6ddf67481d5d5efef9847e6f4c99a77e7129e93382ea6de1e9ea96b8deec707?s=96&d=mm&r=g\",\"caption\":\"Giuseppe Crimaldi\"},\"url\":\"https:\\\/\\\/www.italiaisraele.org\\\/?author=4\"}]}<\/script>\r\n<!-- \/ Yoast SEO plugin. -->","yoast_head_json":{"title":"La licenza di odiare - Federazione Associazioni Italia Israele","robots":{"index":"index","follow":"follow","max-snippet":"max-snippet:-1","max-image-preview":"max-image-preview:large","max-video-preview":"max-video-preview:-1"},"canonical":"https:\/\/www.italiaisraele.org\/?p=2035","og_locale":"it_IT","og_type":"article","og_title":"La licenza di odiare - Federazione Associazioni Italia Israele","og_description":"di Mario Adinolfi L\u2019estate si \u00e8 aperta con l\u2019inchiesta di Fanpage, rilanciata dal programma tv Piazza Pulita su La7, che con una videocamera nascosta registr\u00f2 alcune battute di sapore antisemita di una dirigente del movimento giovanile di Fratelli d\u2019Italia, Flaminia Pace, che irrideva la senatrice ebrea Ester Mieli. L\u2019inchiesta di Fanpage domin\u00f2 le prime pagine [&hellip;]","og_url":"https:\/\/www.italiaisraele.org\/?p=2035","og_site_name":"Federazione Associazioni Italia Israele","article_publisher":"https:\/\/www.facebook.com\/Federazione.Associazioni.Italia.Israele","article_published_time":"2024-08-28T07:24:53+00:00","article_modified_time":"2024-11-25T11:05:56+00:00","og_image":[{"width":690,"height":362,"url":"https:\/\/www.italiaisraele.org\/wp-content\/uploads\/2024\/08\/parodi-segre-1200-690x362-2.jpg","type":"image\/jpeg"}],"author":"Giuseppe Crimaldi","twitter_card":"summary_large_image","twitter_misc":{"Scritto da":"Giuseppe Crimaldi","Tempo di lettura stimato":"4 minuti"},"schema":{"@context":"https:\/\/schema.org","@graph":[{"@type":"Article","@id":"https:\/\/www.italiaisraele.org\/?p=2035#article","isPartOf":{"@id":"https:\/\/www.italiaisraele.org\/?p=2035"},"author":{"name":"Giuseppe Crimaldi","@id":"https:\/\/www.italiaisraele.org\/#\/schema\/person\/7784c17a23e6ef9cb737f3192f043fab"},"headline":"La licenza di odiare","datePublished":"2024-08-28T07:24:53+00:00","dateModified":"2024-11-25T11:05:56+00:00","mainEntityOfPage":{"@id":"https:\/\/www.italiaisraele.org\/?p=2035"},"wordCount":591,"commentCount":3,"publisher":{"@id":"https:\/\/www.italiaisraele.org\/#organization"},"image":{"@id":"https:\/\/www.italiaisraele.org\/?p=2035#primaryimage"},"thumbnailUrl":"https:\/\/www.italiaisraele.org\/wp-content\/uploads\/2024\/08\/parodi-segre-1200-690x362-2.jpg","keywords":["Antisemitismo","Federazione Italia-Israele","Liliana Segre","Mario Adinolfi"],"articleSection":["Attualit\u00e0"],"inLanguage":"it-IT","potentialAction":[{"@type":"CommentAction","name":"Comment","target":["https:\/\/www.italiaisraele.org\/?p=2035#respond"]}]},{"@type":"WebPage","@id":"https:\/\/www.italiaisraele.org\/?p=2035","url":"https:\/\/www.italiaisraele.org\/?p=2035","name":"La licenza di odiare - Federazione Associazioni Italia Israele","isPartOf":{"@id":"https:\/\/www.italiaisraele.org\/#website"},"primaryImageOfPage":{"@id":"https:\/\/www.italiaisraele.org\/?p=2035#primaryimage"},"image":{"@id":"https:\/\/www.italiaisraele.org\/?p=2035#primaryimage"},"thumbnailUrl":"https:\/\/www.italiaisraele.org\/wp-content\/uploads\/2024\/08\/parodi-segre-1200-690x362-2.jpg","datePublished":"2024-08-28T07:24:53+00:00","dateModified":"2024-11-25T11:05:56+00:00","breadcrumb":{"@id":"https:\/\/www.italiaisraele.org\/?p=2035#breadcrumb"},"inLanguage":"it-IT","potentialAction":[{"@type":"ReadAction","target":["https:\/\/www.italiaisraele.org\/?p=2035"]}]},{"@type":"ImageObject","inLanguage":"it-IT","@id":"https:\/\/www.italiaisraele.org\/?p=2035#primaryimage","url":"https:\/\/www.italiaisraele.org\/wp-content\/uploads\/2024\/08\/parodi-segre-1200-690x362-2.jpg","contentUrl":"https:\/\/www.italiaisraele.org\/wp-content\/uploads\/2024\/08\/parodi-segre-1200-690x362-2.jpg","width":690,"height":362},{"@type":"BreadcrumbList","@id":"https:\/\/www.italiaisraele.org\/?p=2035#breadcrumb","itemListElement":[{"@type":"ListItem","position":1,"name":"Home","item":"https:\/\/www.italiaisraele.org\/"},{"@type":"ListItem","position":2,"name":"La licenza di odiare"}]},{"@type":"WebSite","@id":"https:\/\/www.italiaisraele.org\/#website","url":"https:\/\/www.italiaisraele.org\/","name":"News Italia - Israele","description":"Italia Israele Today - Magazine","publisher":{"@id":"https:\/\/www.italiaisraele.org\/#organization"},"potentialAction":[{"@type":"SearchAction","target":{"@type":"EntryPoint","urlTemplate":"https:\/\/www.italiaisraele.org\/?s={search_term_string}"},"query-input":{"@type":"PropertyValueSpecification","valueRequired":true,"valueName":"search_term_string"}}],"inLanguage":"it-IT"},{"@type":"Organization","@id":"https:\/\/www.italiaisraele.org\/#organization","name":"News Italia - Israele","url":"https:\/\/www.italiaisraele.org\/","logo":{"@type":"ImageObject","inLanguage":"it-IT","@id":"https:\/\/www.italiaisraele.org\/#\/schema\/logo\/image\/","url":"https:\/\/www.italiaisraele.org\/wp-content\/uploads\/2024\/02\/cropped-cropped-TESTATA-NEWS-2.jpg","contentUrl":"https:\/\/www.italiaisraele.org\/wp-content\/uploads\/2024\/02\/cropped-cropped-TESTATA-NEWS-2.jpg","width":1918,"height":291,"caption":"News Italia - Israele"},"image":{"@id":"https:\/\/www.italiaisraele.org\/#\/schema\/logo\/image\/"},"sameAs":["https:\/\/www.facebook.com\/Federazione.Associazioni.Italia.Israele"]},{"@type":"Person","@id":"https:\/\/www.italiaisraele.org\/#\/schema\/person\/7784c17a23e6ef9cb737f3192f043fab","name":"Giuseppe Crimaldi","image":{"@type":"ImageObject","inLanguage":"it-IT","@id":"https:\/\/secure.gravatar.com\/avatar\/a6ddf67481d5d5efef9847e6f4c99a77e7129e93382ea6de1e9ea96b8deec707?s=96&d=mm&r=g","url":"https:\/\/secure.gravatar.com\/avatar\/a6ddf67481d5d5efef9847e6f4c99a77e7129e93382ea6de1e9ea96b8deec707?s=96&d=mm&r=g","contentUrl":"https:\/\/secure.gravatar.com\/avatar\/a6ddf67481d5d5efef9847e6f4c99a77e7129e93382ea6de1e9ea96b8deec707?s=96&d=mm&r=g","caption":"Giuseppe Crimaldi"},"url":"https:\/\/www.italiaisraele.org\/?author=4"}]}},"_links":{"self":[{"href":"https:\/\/www.italiaisraele.org\/index.php?rest_route=\/wp\/v2\/posts\/2035","targetHints":{"allow":["GET"]}}],"collection":[{"href":"https:\/\/www.italiaisraele.org\/index.php?rest_route=\/wp\/v2\/posts"}],"about":[{"href":"https:\/\/www.italiaisraele.org\/index.php?rest_route=\/wp\/v2\/types\/post"}],"author":[{"embeddable":true,"href":"https:\/\/www.italiaisraele.org\/index.php?rest_route=\/wp\/v2\/users\/4"}],"replies":[{"embeddable":true,"href":"https:\/\/www.italiaisraele.org\/index.php?rest_route=%2Fwp%2Fv2%2Fcomments&post=2035"}],"version-history":[{"count":0,"href":"https:\/\/www.italiaisraele.org\/index.php?rest_route=\/wp\/v2\/posts\/2035\/revisions"}],"wp:featuredmedia":[{"embeddable":true,"href":"https:\/\/www.italiaisraele.org\/index.php?rest_route=\/wp\/v2\/media\/2040"}],"wp:attachment":[{"href":"https:\/\/www.italiaisraele.org\/index.php?rest_route=%2Fwp%2Fv2%2Fmedia&parent=2035"}],"wp:term":[{"taxonomy":"category","embeddable":true,"href":"https:\/\/www.italiaisraele.org\/index.php?rest_route=%2Fwp%2Fv2%2Fcategories&post=2035"},{"taxonomy":"post_tag","embeddable":true,"href":"https:\/\/www.italiaisraele.org\/index.php?rest_route=%2Fwp%2Fv2%2Ftags&post=2035"}],"curies":[{"name":"wp","href":"https:\/\/api.w.org\/{rel}","templated":true}]}}