{"id":2015,"date":"2024-08-27T13:20:08","date_gmt":"2024-08-27T11:20:08","guid":{"rendered":"https:\/\/www.italiaisraele.org\/?p=2015"},"modified":"2024-11-25T12:06:45","modified_gmt":"2024-11-25T11:06:45","slug":"il-volto-del-diavolo-2-hasan-nasrallah","status":"publish","type":"post","link":"https:\/\/www.italiaisraele.org\/?p=2015","title":{"rendered":"Il volto del diavolo &#8211; 2) Hasan Nasrallah"},"content":{"rendered":"\n<p>Nei suoi occhi c&#8217;\u00e8 il baleno del male e il taglio della follia. Chiss\u00e0 se un giorno nei libri di antropologia criminale anche Hasan Nasrallah trover\u00e0 un posto. Noi ce lo auguriamo. Breve scheda del personaggio: 64 anni, \u00e8 un chierico libanese, terzo segretario del partito sciita Hezbollah da quando il suo predecessore, Abbas al-Musawi, fu ucciso dalle forze di difesa israeliane nel febbraio 1992. Due quintali di peso, \u00e8 sposato con Fatima Yasin. Dal matrimonio sono nati cinque figli, nel settembre 1997 suo figlio maggiore Muhammad Hadi \u00e8 stato ucciso durante un conflitto a fuoco con le forze armate israeliane a Jabal al-Rafe\u02bfi, nel sud del Libano, e un altro \u00e8 sfuggito il 30 luglio ad un agguato mortale a Damasco. Sotto il suo mandato, Hezbollah \u00e8 stata designata come organizzazione terroristica dagli Stati Uniti e dall&#8217;Unione Europea. La Russia invece considera Hezbollah un&#8217;organizzazione socio-politica legittima. La Cina rimane neutrale e mantiene i contatti con Hezbollah.<\/p>\n\n\n\n<figure class=\"wp-block-image size-full\"><img loading=\"lazy\" decoding=\"async\" width=\"1024\" height=\"682\" src=\"https:\/\/www.italiaisraele.org\/wp-content\/uploads\/2024\/08\/Nasrallah-2.jpg\" alt=\"\" class=\"wp-image-2017\" srcset=\"https:\/\/www.italiaisraele.org\/wp-content\/uploads\/2024\/08\/Nasrallah-2.jpg 1024w, https:\/\/www.italiaisraele.org\/wp-content\/uploads\/2024\/08\/Nasrallah-2-300x200.jpg 300w, https:\/\/www.italiaisraele.org\/wp-content\/uploads\/2024\/08\/Nasrallah-2-768x512.jpg 768w, https:\/\/www.italiaisraele.org\/wp-content\/uploads\/2024\/08\/Nasrallah-2-600x400.jpg 600w\" sizes=\"auto, (max-width: 1024px) 100vw, 1024px\" \/><\/figure>\n\n\n\n<p><em>(Cartoline di morte)<\/em><\/p>\n\n\n\n<p>Segni particolari: abile equilibrista (si barcamena alternando minacce all&#8217;esistenza stessa di Israele a improvvise retromarce), \u00e8 il principale burattino nelle mani degli sciiti iraniani.<\/p>\n\n\n\n<p>Le sue mani grondano sangue. Lungo l&#8217;elenco dei crimini commessi ai danni di civili ebrei. L&#8217;ultimo atto lo ha scritto a fine luglio, con la strage dei bambini drusi che giocavano in un campetto di calcio in un villaggio druso. Un gesto che ha indotto il ministro degli Esteri israeliano, Israel Katz, a dare la migliore e pi\u00f9 realistica definizione di questo pallone col turbante sulla testa: &#8220;Nasrallah \u00e8 un assassino di bambini che agisce per conto dell&#8217;Iran per diffondere il terrore nella regione. Dobbiamo fermarli ora, prima che sia troppo tardi&#8221;. <\/p>\n\n\n\n<p>Un morto che cammina ancora, non si sa per quanto. Ovvio che il suo nome sia in cima alla lista di criminali da eliminare. E non sono solo gli israeliani a volerlo. E&#8217; stato lui stesso ad ammetterlo: &#8220;L&#8217;Arabia Saudita ha proposto agli americani di finanziare il mio assassinio, che doveva essere compiuto con un missile lanciato da un drone Usa&#8221;, ha confessato qualche giorno fa in un&#8217;intervista alla tv filoiraniana Al-Mayadeen, dicendo di aver ricevuto informazioni su piani per ucciderlo da parte di Usa e Israele &#8220;alla vigilia delle presidenziali&#8221; statunitensi. &#8220;Riad chiede la mia morte dall&#8217;inizio della guerra in Yemen&#8221;, ha aggiunto.<\/p>\n\n\n\n<p>La verit\u00e0 \u00e8 che se solo Israele volesse, questo obeso, malvagio chierico sciita che sta trascinando il Libano nell&#8217;abisso potrebbe essere gi\u00e0 a far compagnia a Haniyeh e del comandante di Hezbollah Fouad Chokr, ucciso grazie a un&#8217;operazione chirurgica ordinata dal governo di Gerusalemme. Per Nasrallah &#8211; che vuole cancellare Israele dalla faccia della terra &#8211; l&#8217;ultimo giro di clessidra \u00e8 gi\u00e0 cominciato. <\/p>\n\n\n\n<p>Ora dovrebbe essere solo questione di tempo.<\/p>\n\n\n\n<p><\/p>\n","protected":false},"excerpt":{"rendered":"<p>Nei suoi occhi c&#8217;\u00e8 il baleno del male e il taglio della follia. Chiss\u00e0 se un giorno nei libri di antropologia criminale anche Hasan Nasrallah trover\u00e0 un posto. Noi ce lo auguriamo. Breve scheda del personaggio: 64 anni, \u00e8 un chierico libanese, terzo segretario del partito sciita Hezbollah da quando il suo predecessore, Abbas al-Musawi, [&hellip;]<\/p>\n","protected":false},"author":2,"featured_media":2016,"comment_status":"open","ping_status":"closed","sticky":false,"template":"","format":"standard","meta":{"iawp_total_views":95,"footnotes":""},"categories":[4],"tags":[],"class_list":["post-2015","post","type-post","status-publish","format-standard","has-post-thumbnail","hentry","category-attualita"],"yoast_head":"<!-- This site is optimized with the Yoast SEO plugin v27.5 - https:\/\/yoast.com\/product\/yoast-seo-wordpress\/ -->\r\n<title>Il volto del diavolo - 2) Hasan Nasrallah - Federazione Associazioni Italia Israele<\/title>\r\n<meta name=\"robots\" content=\"index, follow, max-snippet:-1, max-image-preview:large, max-video-preview:-1\" \/>\r\n<link rel=\"canonical\" href=\"https:\/\/www.italiaisraele.org\/?p=2015\" \/>\r\n<meta property=\"og:locale\" content=\"it_IT\" \/>\r\n<meta property=\"og:type\" content=\"article\" \/>\r\n<meta property=\"og:title\" content=\"Il volto del diavolo - 2) Hasan Nasrallah - Federazione Associazioni Italia Israele\" \/>\r\n<meta property=\"og:description\" content=\"Nei suoi occhi c&#8217;\u00e8 il baleno del male e il taglio della follia. Chiss\u00e0 se un giorno nei libri di antropologia criminale anche Hasan Nasrallah trover\u00e0 un posto. Noi ce lo auguriamo. Breve scheda del personaggio: 64 anni, \u00e8 un chierico libanese, terzo segretario del partito sciita Hezbollah da quando il suo predecessore, Abbas al-Musawi, [&hellip;]\" \/>\r\n<meta property=\"og:url\" content=\"https:\/\/www.italiaisraele.org\/?p=2015\" \/>\r\n<meta property=\"og:site_name\" content=\"Federazione Associazioni Italia Israele\" \/>\r\n<meta property=\"article:publisher\" content=\"https:\/\/www.facebook.com\/Federazione.Associazioni.Italia.Israele\" \/>\r\n<meta property=\"article:published_time\" content=\"2024-08-27T11:20:08+00:00\" \/>\r\n<meta property=\"article:modified_time\" content=\"2024-11-25T11:06:45+00:00\" \/>\r\n<meta property=\"og:image\" content=\"https:\/\/www.italiaisraele.org\/wp-content\/uploads\/2024\/08\/Nasrallah.jpg\" \/>\r\n\t<meta property=\"og:image:width\" content=\"690\" \/>\r\n\t<meta property=\"og:image:height\" content=\"362\" \/>\r\n\t<meta property=\"og:image:type\" content=\"image\/jpeg\" \/>\r\n<meta name=\"author\" content=\"Redazione\" \/>\r\n<meta name=\"twitter:card\" content=\"summary_large_image\" \/>\r\n<meta name=\"twitter:label1\" content=\"Scritto da\" \/>\n\t<meta name=\"twitter:data1\" content=\"Redazione\" \/>\n\t<meta name=\"twitter:label2\" content=\"Tempo di lettura stimato\" \/>\n\t<meta name=\"twitter:data2\" content=\"3 minuti\" \/>\r\n<script type=\"application\/ld+json\" class=\"yoast-schema-graph\">{\"@context\":\"https:\\\/\\\/schema.org\",\"@graph\":[{\"@type\":\"Article\",\"@id\":\"https:\\\/\\\/www.italiaisraele.org\\\/?p=2015#article\",\"isPartOf\":{\"@id\":\"https:\\\/\\\/www.italiaisraele.org\\\/?p=2015\"},\"author\":{\"name\":\"Redazione\",\"@id\":\"https:\\\/\\\/www.italiaisraele.org\\\/#\\\/schema\\\/person\\\/a58663d7e92468eb3e7d158e016946cd\"},\"headline\":\"Il volto del diavolo &#8211; 2) Hasan Nasrallah\",\"datePublished\":\"2024-08-27T11:20:08+00:00\",\"dateModified\":\"2024-11-25T11:06:45+00:00\",\"mainEntityOfPage\":{\"@id\":\"https:\\\/\\\/www.italiaisraele.org\\\/?p=2015\"},\"wordCount\":457,\"commentCount\":0,\"publisher\":{\"@id\":\"https:\\\/\\\/www.italiaisraele.org\\\/#organization\"},\"image\":{\"@id\":\"https:\\\/\\\/www.italiaisraele.org\\\/?p=2015#primaryimage\"},\"thumbnailUrl\":\"https:\\\/\\\/www.italiaisraele.org\\\/wp-content\\\/uploads\\\/2024\\\/08\\\/Nasrallah.jpg\",\"articleSection\":[\"Attualit\u00e0\"],\"inLanguage\":\"it-IT\",\"potentialAction\":[{\"@type\":\"CommentAction\",\"name\":\"Comment\",\"target\":[\"https:\\\/\\\/www.italiaisraele.org\\\/?p=2015#respond\"]}]},{\"@type\":\"WebPage\",\"@id\":\"https:\\\/\\\/www.italiaisraele.org\\\/?p=2015\",\"url\":\"https:\\\/\\\/www.italiaisraele.org\\\/?p=2015\",\"name\":\"Il volto del diavolo - 2) Hasan Nasrallah - Federazione Associazioni Italia Israele\",\"isPartOf\":{\"@id\":\"https:\\\/\\\/www.italiaisraele.org\\\/#website\"},\"primaryImageOfPage\":{\"@id\":\"https:\\\/\\\/www.italiaisraele.org\\\/?p=2015#primaryimage\"},\"image\":{\"@id\":\"https:\\\/\\\/www.italiaisraele.org\\\/?p=2015#primaryimage\"},\"thumbnailUrl\":\"https:\\\/\\\/www.italiaisraele.org\\\/wp-content\\\/uploads\\\/2024\\\/08\\\/Nasrallah.jpg\",\"datePublished\":\"2024-08-27T11:20:08+00:00\",\"dateModified\":\"2024-11-25T11:06:45+00:00\",\"breadcrumb\":{\"@id\":\"https:\\\/\\\/www.italiaisraele.org\\\/?p=2015#breadcrumb\"},\"inLanguage\":\"it-IT\",\"potentialAction\":[{\"@type\":\"ReadAction\",\"target\":[\"https:\\\/\\\/www.italiaisraele.org\\\/?p=2015\"]}]},{\"@type\":\"ImageObject\",\"inLanguage\":\"it-IT\",\"@id\":\"https:\\\/\\\/www.italiaisraele.org\\\/?p=2015#primaryimage\",\"url\":\"https:\\\/\\\/www.italiaisraele.org\\\/wp-content\\\/uploads\\\/2024\\\/08\\\/Nasrallah.jpg\",\"contentUrl\":\"https:\\\/\\\/www.italiaisraele.org\\\/wp-content\\\/uploads\\\/2024\\\/08\\\/Nasrallah.jpg\",\"width\":690,\"height\":362},{\"@type\":\"BreadcrumbList\",\"@id\":\"https:\\\/\\\/www.italiaisraele.org\\\/?p=2015#breadcrumb\",\"itemListElement\":[{\"@type\":\"ListItem\",\"position\":1,\"name\":\"Home\",\"item\":\"https:\\\/\\\/www.italiaisraele.org\\\/\"},{\"@type\":\"ListItem\",\"position\":2,\"name\":\"Il volto del diavolo &#8211; 2) Hasan Nasrallah\"}]},{\"@type\":\"WebSite\",\"@id\":\"https:\\\/\\\/www.italiaisraele.org\\\/#website\",\"url\":\"https:\\\/\\\/www.italiaisraele.org\\\/\",\"name\":\"News Italia - Israele\",\"description\":\"Italia Israele Today - Magazine\",\"publisher\":{\"@id\":\"https:\\\/\\\/www.italiaisraele.org\\\/#organization\"},\"potentialAction\":[{\"@type\":\"SearchAction\",\"target\":{\"@type\":\"EntryPoint\",\"urlTemplate\":\"https:\\\/\\\/www.italiaisraele.org\\\/?s={search_term_string}\"},\"query-input\":{\"@type\":\"PropertyValueSpecification\",\"valueRequired\":true,\"valueName\":\"search_term_string\"}}],\"inLanguage\":\"it-IT\"},{\"@type\":\"Organization\",\"@id\":\"https:\\\/\\\/www.italiaisraele.org\\\/#organization\",\"name\":\"News Italia - Israele\",\"url\":\"https:\\\/\\\/www.italiaisraele.org\\\/\",\"logo\":{\"@type\":\"ImageObject\",\"inLanguage\":\"it-IT\",\"@id\":\"https:\\\/\\\/www.italiaisraele.org\\\/#\\\/schema\\\/logo\\\/image\\\/\",\"url\":\"https:\\\/\\\/www.italiaisraele.org\\\/wp-content\\\/uploads\\\/2024\\\/02\\\/cropped-cropped-TESTATA-NEWS-2.jpg\",\"contentUrl\":\"https:\\\/\\\/www.italiaisraele.org\\\/wp-content\\\/uploads\\\/2024\\\/02\\\/cropped-cropped-TESTATA-NEWS-2.jpg\",\"width\":1918,\"height\":291,\"caption\":\"News Italia - Israele\"},\"image\":{\"@id\":\"https:\\\/\\\/www.italiaisraele.org\\\/#\\\/schema\\\/logo\\\/image\\\/\"},\"sameAs\":[\"https:\\\/\\\/www.facebook.com\\\/Federazione.Associazioni.Italia.Israele\"]},{\"@type\":\"Person\",\"@id\":\"https:\\\/\\\/www.italiaisraele.org\\\/#\\\/schema\\\/person\\\/a58663d7e92468eb3e7d158e016946cd\",\"name\":\"Redazione\",\"image\":{\"@type\":\"ImageObject\",\"inLanguage\":\"it-IT\",\"@id\":\"https:\\\/\\\/secure.gravatar.com\\\/avatar\\\/fe11715b332cc423bb3991a005da4d50b44647eec21b11abddd059d3deafc450?s=96&d=mm&r=g\",\"url\":\"https:\\\/\\\/secure.gravatar.com\\\/avatar\\\/fe11715b332cc423bb3991a005da4d50b44647eec21b11abddd059d3deafc450?s=96&d=mm&r=g\",\"contentUrl\":\"https:\\\/\\\/secure.gravatar.com\\\/avatar\\\/fe11715b332cc423bb3991a005da4d50b44647eec21b11abddd059d3deafc450?s=96&d=mm&r=g\",\"caption\":\"Redazione\"},\"url\":\"https:\\\/\\\/www.italiaisraele.org\\\/?author=2\"}]}<\/script>\r\n<!-- \/ Yoast SEO plugin. -->","yoast_head_json":{"title":"Il volto del diavolo - 2) Hasan Nasrallah - Federazione Associazioni Italia Israele","robots":{"index":"index","follow":"follow","max-snippet":"max-snippet:-1","max-image-preview":"max-image-preview:large","max-video-preview":"max-video-preview:-1"},"canonical":"https:\/\/www.italiaisraele.org\/?p=2015","og_locale":"it_IT","og_type":"article","og_title":"Il volto del diavolo - 2) Hasan Nasrallah - Federazione Associazioni Italia Israele","og_description":"Nei suoi occhi c&#8217;\u00e8 il baleno del male e il taglio della follia. Chiss\u00e0 se un giorno nei libri di antropologia criminale anche Hasan Nasrallah trover\u00e0 un posto. Noi ce lo auguriamo. Breve scheda del personaggio: 64 anni, \u00e8 un chierico libanese, terzo segretario del partito sciita Hezbollah da quando il suo predecessore, Abbas al-Musawi, [&hellip;]","og_url":"https:\/\/www.italiaisraele.org\/?p=2015","og_site_name":"Federazione Associazioni Italia Israele","article_publisher":"https:\/\/www.facebook.com\/Federazione.Associazioni.Italia.Israele","article_published_time":"2024-08-27T11:20:08+00:00","article_modified_time":"2024-11-25T11:06:45+00:00","og_image":[{"width":690,"height":362,"url":"https:\/\/www.italiaisraele.org\/wp-content\/uploads\/2024\/08\/Nasrallah.jpg","type":"image\/jpeg"}],"author":"Redazione","twitter_card":"summary_large_image","twitter_misc":{"Scritto da":"Redazione","Tempo di lettura stimato":"3 minuti"},"schema":{"@context":"https:\/\/schema.org","@graph":[{"@type":"Article","@id":"https:\/\/www.italiaisraele.org\/?p=2015#article","isPartOf":{"@id":"https:\/\/www.italiaisraele.org\/?p=2015"},"author":{"name":"Redazione","@id":"https:\/\/www.italiaisraele.org\/#\/schema\/person\/a58663d7e92468eb3e7d158e016946cd"},"headline":"Il volto del diavolo &#8211; 2) Hasan Nasrallah","datePublished":"2024-08-27T11:20:08+00:00","dateModified":"2024-11-25T11:06:45+00:00","mainEntityOfPage":{"@id":"https:\/\/www.italiaisraele.org\/?p=2015"},"wordCount":457,"commentCount":0,"publisher":{"@id":"https:\/\/www.italiaisraele.org\/#organization"},"image":{"@id":"https:\/\/www.italiaisraele.org\/?p=2015#primaryimage"},"thumbnailUrl":"https:\/\/www.italiaisraele.org\/wp-content\/uploads\/2024\/08\/Nasrallah.jpg","articleSection":["Attualit\u00e0"],"inLanguage":"it-IT","potentialAction":[{"@type":"CommentAction","name":"Comment","target":["https:\/\/www.italiaisraele.org\/?p=2015#respond"]}]},{"@type":"WebPage","@id":"https:\/\/www.italiaisraele.org\/?p=2015","url":"https:\/\/www.italiaisraele.org\/?p=2015","name":"Il volto del diavolo - 2) Hasan Nasrallah - Federazione Associazioni Italia Israele","isPartOf":{"@id":"https:\/\/www.italiaisraele.org\/#website"},"primaryImageOfPage":{"@id":"https:\/\/www.italiaisraele.org\/?p=2015#primaryimage"},"image":{"@id":"https:\/\/www.italiaisraele.org\/?p=2015#primaryimage"},"thumbnailUrl":"https:\/\/www.italiaisraele.org\/wp-content\/uploads\/2024\/08\/Nasrallah.jpg","datePublished":"2024-08-27T11:20:08+00:00","dateModified":"2024-11-25T11:06:45+00:00","breadcrumb":{"@id":"https:\/\/www.italiaisraele.org\/?p=2015#breadcrumb"},"inLanguage":"it-IT","potentialAction":[{"@type":"ReadAction","target":["https:\/\/www.italiaisraele.org\/?p=2015"]}]},{"@type":"ImageObject","inLanguage":"it-IT","@id":"https:\/\/www.italiaisraele.org\/?p=2015#primaryimage","url":"https:\/\/www.italiaisraele.org\/wp-content\/uploads\/2024\/08\/Nasrallah.jpg","contentUrl":"https:\/\/www.italiaisraele.org\/wp-content\/uploads\/2024\/08\/Nasrallah.jpg","width":690,"height":362},{"@type":"BreadcrumbList","@id":"https:\/\/www.italiaisraele.org\/?p=2015#breadcrumb","itemListElement":[{"@type":"ListItem","position":1,"name":"Home","item":"https:\/\/www.italiaisraele.org\/"},{"@type":"ListItem","position":2,"name":"Il volto del diavolo &#8211; 2) Hasan Nasrallah"}]},{"@type":"WebSite","@id":"https:\/\/www.italiaisraele.org\/#website","url":"https:\/\/www.italiaisraele.org\/","name":"News Italia - Israele","description":"Italia Israele Today - Magazine","publisher":{"@id":"https:\/\/www.italiaisraele.org\/#organization"},"potentialAction":[{"@type":"SearchAction","target":{"@type":"EntryPoint","urlTemplate":"https:\/\/www.italiaisraele.org\/?s={search_term_string}"},"query-input":{"@type":"PropertyValueSpecification","valueRequired":true,"valueName":"search_term_string"}}],"inLanguage":"it-IT"},{"@type":"Organization","@id":"https:\/\/www.italiaisraele.org\/#organization","name":"News Italia - Israele","url":"https:\/\/www.italiaisraele.org\/","logo":{"@type":"ImageObject","inLanguage":"it-IT","@id":"https:\/\/www.italiaisraele.org\/#\/schema\/logo\/image\/","url":"https:\/\/www.italiaisraele.org\/wp-content\/uploads\/2024\/02\/cropped-cropped-TESTATA-NEWS-2.jpg","contentUrl":"https:\/\/www.italiaisraele.org\/wp-content\/uploads\/2024\/02\/cropped-cropped-TESTATA-NEWS-2.jpg","width":1918,"height":291,"caption":"News Italia - Israele"},"image":{"@id":"https:\/\/www.italiaisraele.org\/#\/schema\/logo\/image\/"},"sameAs":["https:\/\/www.facebook.com\/Federazione.Associazioni.Italia.Israele"]},{"@type":"Person","@id":"https:\/\/www.italiaisraele.org\/#\/schema\/person\/a58663d7e92468eb3e7d158e016946cd","name":"Redazione","image":{"@type":"ImageObject","inLanguage":"it-IT","@id":"https:\/\/secure.gravatar.com\/avatar\/fe11715b332cc423bb3991a005da4d50b44647eec21b11abddd059d3deafc450?s=96&d=mm&r=g","url":"https:\/\/secure.gravatar.com\/avatar\/fe11715b332cc423bb3991a005da4d50b44647eec21b11abddd059d3deafc450?s=96&d=mm&r=g","contentUrl":"https:\/\/secure.gravatar.com\/avatar\/fe11715b332cc423bb3991a005da4d50b44647eec21b11abddd059d3deafc450?s=96&d=mm&r=g","caption":"Redazione"},"url":"https:\/\/www.italiaisraele.org\/?author=2"}]}},"_links":{"self":[{"href":"https:\/\/www.italiaisraele.org\/index.php?rest_route=\/wp\/v2\/posts\/2015","targetHints":{"allow":["GET"]}}],"collection":[{"href":"https:\/\/www.italiaisraele.org\/index.php?rest_route=\/wp\/v2\/posts"}],"about":[{"href":"https:\/\/www.italiaisraele.org\/index.php?rest_route=\/wp\/v2\/types\/post"}],"author":[{"embeddable":true,"href":"https:\/\/www.italiaisraele.org\/index.php?rest_route=\/wp\/v2\/users\/2"}],"replies":[{"embeddable":true,"href":"https:\/\/www.italiaisraele.org\/index.php?rest_route=%2Fwp%2Fv2%2Fcomments&post=2015"}],"version-history":[{"count":0,"href":"https:\/\/www.italiaisraele.org\/index.php?rest_route=\/wp\/v2\/posts\/2015\/revisions"}],"wp:featuredmedia":[{"embeddable":true,"href":"https:\/\/www.italiaisraele.org\/index.php?rest_route=\/wp\/v2\/media\/2016"}],"wp:attachment":[{"href":"https:\/\/www.italiaisraele.org\/index.php?rest_route=%2Fwp%2Fv2%2Fmedia&parent=2015"}],"wp:term":[{"taxonomy":"category","embeddable":true,"href":"https:\/\/www.italiaisraele.org\/index.php?rest_route=%2Fwp%2Fv2%2Fcategories&post=2015"},{"taxonomy":"post_tag","embeddable":true,"href":"https:\/\/www.italiaisraele.org\/index.php?rest_route=%2Fwp%2Fv2%2Ftags&post=2015"}],"curies":[{"name":"wp","href":"https:\/\/api.w.org\/{rel}","templated":true}]}}