{"id":1959,"date":"2024-08-16T10:52:21","date_gmt":"2024-08-16T08:52:21","guid":{"rendered":"https:\/\/www.italiaisraele.org\/?p=1959"},"modified":"2024-11-25T12:10:26","modified_gmt":"2024-11-25T11:10:26","slug":"quando-la-guerra-degenera","status":"publish","type":"post","link":"https:\/\/www.italiaisraele.org\/?p=1959","title":{"rendered":"Quando la guerra degenera"},"content":{"rendered":"\n<p>di Ilan Brauner*<\/p>\n\n\n\n<figure class=\"wp-block-image size-full is-resized\"><img loading=\"lazy\" decoding=\"async\" width=\"546\" height=\"510\" src=\"https:\/\/www.italiaisraele.org\/wp-content\/uploads\/2024\/03\/WhatsApp-Image-2024-03-07-at-12.03.45-e1709819051686.jpeg\" alt=\"\" class=\"wp-image-257\" style=\"width:160px;height:auto\" srcset=\"https:\/\/www.italiaisraele.org\/wp-content\/uploads\/2024\/03\/WhatsApp-Image-2024-03-07-at-12.03.45-e1709819051686.jpeg 546w, https:\/\/www.italiaisraele.org\/wp-content\/uploads\/2024\/03\/WhatsApp-Image-2024-03-07-at-12.03.45-e1709819051686-300x280.jpeg 300w\" sizes=\"auto, (max-width: 546px) 100vw, 546px\" \/><figcaption class=\"wp-element-caption\">Ilan Brauner<\/figcaption><\/figure>\n\n\n\n<p>Massimo Caprara sul Corriere della Sera del 15 agosto mi spinge a scrivere su un argomento dolente. L&#8217;episodio di torture nel campo di prigionieri (ma il termine &#8220;prigionieri&#8221;, inteso come &#8220;di guerra&#8221; non \u00e8 di per s\u00e9 corretto giacch\u00e9 quelli di Hamas non sono militari).<\/p>\n\n\n\n<p>Dopo l&#8217;11 settembre soldati americani erano i carcerieri di Abu Graib in Iraq: una pagina nera, quella del 2004 quando si torturavano i militari irakeni che fuggivano davanti all&#8217;avanzata inesorabile dei carri armati Usa . Ad oggi abbiamo ancora il carcere di Guantanamo (a Cuba), dove sono rinchiusi gli affiliati di Al Qaeda, fratelli &#8220;minori&#8221; di Hamas.<br>Loro non hanno mai macellato bambini come gli ospiti del campo di raccolta di Sde Teiman (l&#8217;ex aeroporto militare inglese di Beer Sheva- Negev), sede principale della prigione allestita per i gazawi.<br>A differenza dei rapiti, gli ostaggi israeliani che mai sono stati visitati dalla Croce Rossa, quelli di Hamas che si sono arresi hanno ricevuto visite persino da parlamentari e giornalisti. Parlamentari di sinistra e anche arabi nonch\u00e9 giornalisti sono andati a trovarli. Dopo queste visite sono uscite due denunce anche al Parlamento contro il ministro Ben Gvir (responsabile della Sicurezza interna). Da non credere!<br>La critica si riferiva ad alimenti e cibo scadenti, nonch\u00e9 a camere troppo affollate e al troppo breve periodo della cosiddetta &#8220;ora d&#8217;aria&#8221;. I bravi avvocati ebrei filo-arabi si sono dati subito da fare, sollevando un caso che \u00e8 arrivato subito sul tavolo del governo con una richiesta di intervento immediato. E cos\u00ec \u00e8 stato. <\/p>\n\n\n\n<p>Poi \u00e8 venuto fuori il racconto della sodomizzazione di un ufficiale di Hamas. Da medico legale mi sa tutto di un racconto storto. Mettiamo che sia stato sodomizzato con corpo estraneo come fu per Geddafi. Chiaramente si tratterebbe di un reato, anche grave.<br>Ma  si pu\u00f2 veramente parlare di &#8220;violenze sessuali nelle carceri Israeliane&#8221;? E di &#8220;condizioni di invivibilit\u00e0 nelle stesse? Allora mi vengono in mente le accuse di tanti cittadini e politici Israeliani per le condizioni da &#8220;Club Med&#8221; nelle carceri con detenuti che si cucinano da soli la pita, che possono usare tranquillamente telefoni cellulari e che studiano a carico dello stato (Marwan Bargouti ha studiato Giurisprudenza&#8230;). Mi viene in mente che nel carcere di (Beit Shean) non pochi palestinesi detenuti pretendevano prestazioni sessuali dalle giovani soldatesse israeliane che facevano servizio nelle carceri per carenza di organico.<br>E le hanno ottenute, fino a quando una di queste giovani non ha parlato e raccontato tutto. E&#8217; successo solo due anni fa&#8230;<\/p>\n\n\n\n<p>Ai miei tempi, era di moda (come oggi lo \u00e8 andare sull&#8217;Himalaya) fare 30 km a piedi di notte fino ad arrivare in territorio Giordano, a Petra. Lo si faceva generalmente in coppia: fotografia by night e ritorno prima dell&#8217;alba in Israele. I beduini giordani li scoprivano e li uccidevano per rubare loro tutto.<br>Venivano rimandati in Israele in sacchi postali al Passaggio da Mandelbaum-Jerusalem.<br>Erano tutti i migliori soldati. Intervennero Ben Gurion e Dayan per esonerarli dalla pena del tribunale militare. L&#8217;ultimo caso fu quello di una coppia composta da un giovane tenente par\u00e0 di Sharon e la sua fidanzatina. Quando per\u00f2 quei sacchi venivano aperti arrivava la macabra scoperta: seguendo la loro barbara tradizione trovavano  il pene in bocca di lei e i seni tagliati come kabab nella bocca di lui.<br>Stesse cose che hanno fatto gli assassini di Hamas quel maledetto 7 ottobre, riportandosi a Gaza i cadaveri di centinaia di ragazzi e ragazze.<br>E cosa fece Sharon, di fronte allo scempio di quei corpi rimandati in patria con i segni di atroci sevizie?<br>Organizz\u00f2 &#8211; senza richiedere alcun permesso &#8211; una squadra di militari in abiti civili su Jeep e Halftrack che la terza notte entrarono e decimarono tutti i beduini della trib\u00f9 di Petra (che allora non era ancora un sito turistico).<br>Per dieci anni a Petra non ci furono pi\u00f9 beduini nella zona. All&#8217;epoca io ero uno studente nella scuola superiore agricola, e del caso se ne parl\u00f2 molto a lungo. Tutti eravamo d&#8217;accordo: le belve feroci devi trattare cosi!<\/p>\n\n\n\n<p><br><\/p>\n\n\n\n<figure class=\"wp-block-image size-large\"><img loading=\"lazy\" decoding=\"async\" width=\"1024\" height=\"683\" src=\"https:\/\/www.italiaisraele.org\/wp-content\/uploads\/2024\/08\/dolore-1024x683.jpg\" alt=\"\" class=\"wp-image-1961\" srcset=\"https:\/\/www.italiaisraele.org\/wp-content\/uploads\/2024\/08\/dolore-1024x683.jpg 1024w, https:\/\/www.italiaisraele.org\/wp-content\/uploads\/2024\/08\/dolore-300x200.jpg 300w, https:\/\/www.italiaisraele.org\/wp-content\/uploads\/2024\/08\/dolore-768x512.jpg 768w, https:\/\/www.italiaisraele.org\/wp-content\/uploads\/2024\/08\/dolore-600x400.jpg 600w, https:\/\/www.italiaisraele.org\/wp-content\/uploads\/2024\/08\/dolore.jpg 1200w\" sizes=\"auto, (max-width: 1024px) 100vw, 1024px\" \/><\/figure>\n\n\n\n<p>Tornando alle presunte torture commesse in danno dei reclusi palestinesi, adesso vedrete: Haaretz e le ONG di sinistra estrema faranno un baccano che arriver\u00e0 all&#8217;Alta Corte dell&#8217;Aja. L&#8217;inchiesta militare andr\u00e0 avanti ma al fascicolo non verranno accluse foto, semplicemente perch\u00e9 non ce ne sono a documentare i presunti abusi. Rester\u00e0 solo il racconto di quell&#8217;ufficiale di Hamas che ha le mani ancora sporche di sangue. Piccola notazione a margine: la procuratrice militare \u00e8 solidamente di sinistra.<br>Ci sar\u00e0 forse anche la condanna per maltrattamenti (offese alla &#8220;sensibile anima&#8221; di Hamas), quanto basta per andare al Tribunale dell&#8217;Aja.<br>Con buona pace per gli ostaggi ancora in gabbia nei tunnel&#8230; Conclusione, il nostro nemico \u00e8 dentro Israele.<br><em>*Presidente Associazione Italia-Israele di Treviso<\/em><\/p>\n","protected":false},"excerpt":{"rendered":"<p>di Ilan Brauner* Massimo Caprara sul Corriere della Sera del 15 agosto mi spinge a scrivere su un argomento dolente. L&#8217;episodio di torture nel campo di prigionieri (ma il termine &#8220;prigionieri&#8221;, inteso come &#8220;di guerra&#8221; non \u00e8 di per s\u00e9 corretto giacch\u00e9 quelli di Hamas non sono militari). Dopo l&#8217;11 settembre soldati americani erano i [&hellip;]<\/p>\n","protected":false},"author":2,"featured_media":1960,"comment_status":"open","ping_status":"closed","sticky":false,"template":"","format":"standard","meta":{"iawp_total_views":107,"footnotes":""},"categories":[4],"tags":[18,431,430],"class_list":["post-1959","post","type-post","status-publish","format-standard","has-post-thumbnail","hentry","category-attualita","tag-hamas","tag-sharon","tag-torture"],"yoast_head":"<!-- This site is optimized with the Yoast SEO plugin v27.5 - https:\/\/yoast.com\/product\/yoast-seo-wordpress\/ -->\r\n<title>Quando la guerra degenera - Federazione Associazioni Italia Israele<\/title>\r\n<meta name=\"robots\" content=\"index, follow, max-snippet:-1, max-image-preview:large, max-video-preview:-1\" \/>\r\n<link rel=\"canonical\" href=\"https:\/\/www.italiaisraele.org\/?p=1959\" \/>\r\n<meta property=\"og:locale\" content=\"it_IT\" \/>\r\n<meta property=\"og:type\" content=\"article\" \/>\r\n<meta property=\"og:title\" content=\"Quando la guerra degenera - Federazione Associazioni Italia Israele\" \/>\r\n<meta property=\"og:description\" content=\"di Ilan Brauner* Massimo Caprara sul Corriere della Sera del 15 agosto mi spinge a scrivere su un argomento dolente. L&#8217;episodio di torture nel campo di prigionieri (ma il termine &#8220;prigionieri&#8221;, inteso come &#8220;di guerra&#8221; non \u00e8 di per s\u00e9 corretto giacch\u00e9 quelli di Hamas non sono militari). Dopo l&#8217;11 settembre soldati americani erano i [&hellip;]\" \/>\r\n<meta property=\"og:url\" content=\"https:\/\/www.italiaisraele.org\/?p=1959\" \/>\r\n<meta property=\"og:site_name\" content=\"Federazione Associazioni Italia Israele\" \/>\r\n<meta property=\"article:publisher\" content=\"https:\/\/www.facebook.com\/Federazione.Associazioni.Italia.Israele\" \/>\r\n<meta property=\"article:published_time\" content=\"2024-08-16T08:52:21+00:00\" \/>\r\n<meta property=\"article:modified_time\" content=\"2024-11-25T11:10:26+00:00\" \/>\r\n<meta property=\"og:image\" content=\"https:\/\/www.italiaisraele.org\/wp-content\/uploads\/2024\/08\/carcere1.jpg\" \/>\r\n\t<meta property=\"og:image:width\" content=\"1200\" \/>\r\n\t<meta property=\"og:image:height\" content=\"706\" \/>\r\n\t<meta property=\"og:image:type\" content=\"image\/jpeg\" \/>\r\n<meta name=\"author\" content=\"Redazione\" \/>\r\n<meta name=\"twitter:card\" content=\"summary_large_image\" \/>\r\n<meta name=\"twitter:label1\" content=\"Scritto da\" \/>\n\t<meta name=\"twitter:data1\" content=\"Redazione\" \/>\n\t<meta name=\"twitter:label2\" content=\"Tempo di lettura stimato\" \/>\n\t<meta name=\"twitter:data2\" content=\"5 minuti\" \/>\r\n<script type=\"application\/ld+json\" class=\"yoast-schema-graph\">{\"@context\":\"https:\\\/\\\/schema.org\",\"@graph\":[{\"@type\":\"Article\",\"@id\":\"https:\\\/\\\/www.italiaisraele.org\\\/?p=1959#article\",\"isPartOf\":{\"@id\":\"https:\\\/\\\/www.italiaisraele.org\\\/?p=1959\"},\"author\":{\"name\":\"Redazione\",\"@id\":\"https:\\\/\\\/www.italiaisraele.org\\\/#\\\/schema\\\/person\\\/a58663d7e92468eb3e7d158e016946cd\"},\"headline\":\"Quando la guerra degenera\",\"datePublished\":\"2024-08-16T08:52:21+00:00\",\"dateModified\":\"2024-11-25T11:10:26+00:00\",\"mainEntityOfPage\":{\"@id\":\"https:\\\/\\\/www.italiaisraele.org\\\/?p=1959\"},\"wordCount\":802,\"commentCount\":2,\"publisher\":{\"@id\":\"https:\\\/\\\/www.italiaisraele.org\\\/#organization\"},\"image\":{\"@id\":\"https:\\\/\\\/www.italiaisraele.org\\\/?p=1959#primaryimage\"},\"thumbnailUrl\":\"https:\\\/\\\/www.italiaisraele.org\\\/wp-content\\\/uploads\\\/2024\\\/08\\\/carcere1.jpg\",\"keywords\":[\"hamas\",\"Sharon\",\"torture\"],\"articleSection\":[\"Attualit\u00e0\"],\"inLanguage\":\"it-IT\",\"potentialAction\":[{\"@type\":\"CommentAction\",\"name\":\"Comment\",\"target\":[\"https:\\\/\\\/www.italiaisraele.org\\\/?p=1959#respond\"]}]},{\"@type\":\"WebPage\",\"@id\":\"https:\\\/\\\/www.italiaisraele.org\\\/?p=1959\",\"url\":\"https:\\\/\\\/www.italiaisraele.org\\\/?p=1959\",\"name\":\"Quando la guerra degenera - Federazione Associazioni Italia Israele\",\"isPartOf\":{\"@id\":\"https:\\\/\\\/www.italiaisraele.org\\\/#website\"},\"primaryImageOfPage\":{\"@id\":\"https:\\\/\\\/www.italiaisraele.org\\\/?p=1959#primaryimage\"},\"image\":{\"@id\":\"https:\\\/\\\/www.italiaisraele.org\\\/?p=1959#primaryimage\"},\"thumbnailUrl\":\"https:\\\/\\\/www.italiaisraele.org\\\/wp-content\\\/uploads\\\/2024\\\/08\\\/carcere1.jpg\",\"datePublished\":\"2024-08-16T08:52:21+00:00\",\"dateModified\":\"2024-11-25T11:10:26+00:00\",\"breadcrumb\":{\"@id\":\"https:\\\/\\\/www.italiaisraele.org\\\/?p=1959#breadcrumb\"},\"inLanguage\":\"it-IT\",\"potentialAction\":[{\"@type\":\"ReadAction\",\"target\":[\"https:\\\/\\\/www.italiaisraele.org\\\/?p=1959\"]}]},{\"@type\":\"ImageObject\",\"inLanguage\":\"it-IT\",\"@id\":\"https:\\\/\\\/www.italiaisraele.org\\\/?p=1959#primaryimage\",\"url\":\"https:\\\/\\\/www.italiaisraele.org\\\/wp-content\\\/uploads\\\/2024\\\/08\\\/carcere1.jpg\",\"contentUrl\":\"https:\\\/\\\/www.italiaisraele.org\\\/wp-content\\\/uploads\\\/2024\\\/08\\\/carcere1.jpg\",\"width\":1200,\"height\":706},{\"@type\":\"BreadcrumbList\",\"@id\":\"https:\\\/\\\/www.italiaisraele.org\\\/?p=1959#breadcrumb\",\"itemListElement\":[{\"@type\":\"ListItem\",\"position\":1,\"name\":\"Home\",\"item\":\"https:\\\/\\\/www.italiaisraele.org\\\/\"},{\"@type\":\"ListItem\",\"position\":2,\"name\":\"Quando la guerra degenera\"}]},{\"@type\":\"WebSite\",\"@id\":\"https:\\\/\\\/www.italiaisraele.org\\\/#website\",\"url\":\"https:\\\/\\\/www.italiaisraele.org\\\/\",\"name\":\"News Italia - Israele\",\"description\":\"Italia Israele Today - Magazine\",\"publisher\":{\"@id\":\"https:\\\/\\\/www.italiaisraele.org\\\/#organization\"},\"potentialAction\":[{\"@type\":\"SearchAction\",\"target\":{\"@type\":\"EntryPoint\",\"urlTemplate\":\"https:\\\/\\\/www.italiaisraele.org\\\/?s={search_term_string}\"},\"query-input\":{\"@type\":\"PropertyValueSpecification\",\"valueRequired\":true,\"valueName\":\"search_term_string\"}}],\"inLanguage\":\"it-IT\"},{\"@type\":\"Organization\",\"@id\":\"https:\\\/\\\/www.italiaisraele.org\\\/#organization\",\"name\":\"News Italia - Israele\",\"url\":\"https:\\\/\\\/www.italiaisraele.org\\\/\",\"logo\":{\"@type\":\"ImageObject\",\"inLanguage\":\"it-IT\",\"@id\":\"https:\\\/\\\/www.italiaisraele.org\\\/#\\\/schema\\\/logo\\\/image\\\/\",\"url\":\"https:\\\/\\\/www.italiaisraele.org\\\/wp-content\\\/uploads\\\/2024\\\/02\\\/cropped-cropped-TESTATA-NEWS-2.jpg\",\"contentUrl\":\"https:\\\/\\\/www.italiaisraele.org\\\/wp-content\\\/uploads\\\/2024\\\/02\\\/cropped-cropped-TESTATA-NEWS-2.jpg\",\"width\":1918,\"height\":291,\"caption\":\"News Italia - Israele\"},\"image\":{\"@id\":\"https:\\\/\\\/www.italiaisraele.org\\\/#\\\/schema\\\/logo\\\/image\\\/\"},\"sameAs\":[\"https:\\\/\\\/www.facebook.com\\\/Federazione.Associazioni.Italia.Israele\"]},{\"@type\":\"Person\",\"@id\":\"https:\\\/\\\/www.italiaisraele.org\\\/#\\\/schema\\\/person\\\/a58663d7e92468eb3e7d158e016946cd\",\"name\":\"Redazione\",\"image\":{\"@type\":\"ImageObject\",\"inLanguage\":\"it-IT\",\"@id\":\"https:\\\/\\\/secure.gravatar.com\\\/avatar\\\/fe11715b332cc423bb3991a005da4d50b44647eec21b11abddd059d3deafc450?s=96&d=mm&r=g\",\"url\":\"https:\\\/\\\/secure.gravatar.com\\\/avatar\\\/fe11715b332cc423bb3991a005da4d50b44647eec21b11abddd059d3deafc450?s=96&d=mm&r=g\",\"contentUrl\":\"https:\\\/\\\/secure.gravatar.com\\\/avatar\\\/fe11715b332cc423bb3991a005da4d50b44647eec21b11abddd059d3deafc450?s=96&d=mm&r=g\",\"caption\":\"Redazione\"},\"url\":\"https:\\\/\\\/www.italiaisraele.org\\\/?author=2\"}]}<\/script>\r\n<!-- \/ Yoast SEO plugin. -->","yoast_head_json":{"title":"Quando la guerra degenera - Federazione Associazioni Italia Israele","robots":{"index":"index","follow":"follow","max-snippet":"max-snippet:-1","max-image-preview":"max-image-preview:large","max-video-preview":"max-video-preview:-1"},"canonical":"https:\/\/www.italiaisraele.org\/?p=1959","og_locale":"it_IT","og_type":"article","og_title":"Quando la guerra degenera - Federazione Associazioni Italia Israele","og_description":"di Ilan Brauner* Massimo Caprara sul Corriere della Sera del 15 agosto mi spinge a scrivere su un argomento dolente. L&#8217;episodio di torture nel campo di prigionieri (ma il termine &#8220;prigionieri&#8221;, inteso come &#8220;di guerra&#8221; non \u00e8 di per s\u00e9 corretto giacch\u00e9 quelli di Hamas non sono militari). Dopo l&#8217;11 settembre soldati americani erano i [&hellip;]","og_url":"https:\/\/www.italiaisraele.org\/?p=1959","og_site_name":"Federazione Associazioni Italia Israele","article_publisher":"https:\/\/www.facebook.com\/Federazione.Associazioni.Italia.Israele","article_published_time":"2024-08-16T08:52:21+00:00","article_modified_time":"2024-11-25T11:10:26+00:00","og_image":[{"width":1200,"height":706,"url":"https:\/\/www.italiaisraele.org\/wp-content\/uploads\/2024\/08\/carcere1.jpg","type":"image\/jpeg"}],"author":"Redazione","twitter_card":"summary_large_image","twitter_misc":{"Scritto da":"Redazione","Tempo di lettura stimato":"5 minuti"},"schema":{"@context":"https:\/\/schema.org","@graph":[{"@type":"Article","@id":"https:\/\/www.italiaisraele.org\/?p=1959#article","isPartOf":{"@id":"https:\/\/www.italiaisraele.org\/?p=1959"},"author":{"name":"Redazione","@id":"https:\/\/www.italiaisraele.org\/#\/schema\/person\/a58663d7e92468eb3e7d158e016946cd"},"headline":"Quando la guerra degenera","datePublished":"2024-08-16T08:52:21+00:00","dateModified":"2024-11-25T11:10:26+00:00","mainEntityOfPage":{"@id":"https:\/\/www.italiaisraele.org\/?p=1959"},"wordCount":802,"commentCount":2,"publisher":{"@id":"https:\/\/www.italiaisraele.org\/#organization"},"image":{"@id":"https:\/\/www.italiaisraele.org\/?p=1959#primaryimage"},"thumbnailUrl":"https:\/\/www.italiaisraele.org\/wp-content\/uploads\/2024\/08\/carcere1.jpg","keywords":["hamas","Sharon","torture"],"articleSection":["Attualit\u00e0"],"inLanguage":"it-IT","potentialAction":[{"@type":"CommentAction","name":"Comment","target":["https:\/\/www.italiaisraele.org\/?p=1959#respond"]}]},{"@type":"WebPage","@id":"https:\/\/www.italiaisraele.org\/?p=1959","url":"https:\/\/www.italiaisraele.org\/?p=1959","name":"Quando la guerra degenera - Federazione Associazioni Italia Israele","isPartOf":{"@id":"https:\/\/www.italiaisraele.org\/#website"},"primaryImageOfPage":{"@id":"https:\/\/www.italiaisraele.org\/?p=1959#primaryimage"},"image":{"@id":"https:\/\/www.italiaisraele.org\/?p=1959#primaryimage"},"thumbnailUrl":"https:\/\/www.italiaisraele.org\/wp-content\/uploads\/2024\/08\/carcere1.jpg","datePublished":"2024-08-16T08:52:21+00:00","dateModified":"2024-11-25T11:10:26+00:00","breadcrumb":{"@id":"https:\/\/www.italiaisraele.org\/?p=1959#breadcrumb"},"inLanguage":"it-IT","potentialAction":[{"@type":"ReadAction","target":["https:\/\/www.italiaisraele.org\/?p=1959"]}]},{"@type":"ImageObject","inLanguage":"it-IT","@id":"https:\/\/www.italiaisraele.org\/?p=1959#primaryimage","url":"https:\/\/www.italiaisraele.org\/wp-content\/uploads\/2024\/08\/carcere1.jpg","contentUrl":"https:\/\/www.italiaisraele.org\/wp-content\/uploads\/2024\/08\/carcere1.jpg","width":1200,"height":706},{"@type":"BreadcrumbList","@id":"https:\/\/www.italiaisraele.org\/?p=1959#breadcrumb","itemListElement":[{"@type":"ListItem","position":1,"name":"Home","item":"https:\/\/www.italiaisraele.org\/"},{"@type":"ListItem","position":2,"name":"Quando la guerra degenera"}]},{"@type":"WebSite","@id":"https:\/\/www.italiaisraele.org\/#website","url":"https:\/\/www.italiaisraele.org\/","name":"News Italia - Israele","description":"Italia Israele Today - Magazine","publisher":{"@id":"https:\/\/www.italiaisraele.org\/#organization"},"potentialAction":[{"@type":"SearchAction","target":{"@type":"EntryPoint","urlTemplate":"https:\/\/www.italiaisraele.org\/?s={search_term_string}"},"query-input":{"@type":"PropertyValueSpecification","valueRequired":true,"valueName":"search_term_string"}}],"inLanguage":"it-IT"},{"@type":"Organization","@id":"https:\/\/www.italiaisraele.org\/#organization","name":"News Italia - Israele","url":"https:\/\/www.italiaisraele.org\/","logo":{"@type":"ImageObject","inLanguage":"it-IT","@id":"https:\/\/www.italiaisraele.org\/#\/schema\/logo\/image\/","url":"https:\/\/www.italiaisraele.org\/wp-content\/uploads\/2024\/02\/cropped-cropped-TESTATA-NEWS-2.jpg","contentUrl":"https:\/\/www.italiaisraele.org\/wp-content\/uploads\/2024\/02\/cropped-cropped-TESTATA-NEWS-2.jpg","width":1918,"height":291,"caption":"News Italia - Israele"},"image":{"@id":"https:\/\/www.italiaisraele.org\/#\/schema\/logo\/image\/"},"sameAs":["https:\/\/www.facebook.com\/Federazione.Associazioni.Italia.Israele"]},{"@type":"Person","@id":"https:\/\/www.italiaisraele.org\/#\/schema\/person\/a58663d7e92468eb3e7d158e016946cd","name":"Redazione","image":{"@type":"ImageObject","inLanguage":"it-IT","@id":"https:\/\/secure.gravatar.com\/avatar\/fe11715b332cc423bb3991a005da4d50b44647eec21b11abddd059d3deafc450?s=96&d=mm&r=g","url":"https:\/\/secure.gravatar.com\/avatar\/fe11715b332cc423bb3991a005da4d50b44647eec21b11abddd059d3deafc450?s=96&d=mm&r=g","contentUrl":"https:\/\/secure.gravatar.com\/avatar\/fe11715b332cc423bb3991a005da4d50b44647eec21b11abddd059d3deafc450?s=96&d=mm&r=g","caption":"Redazione"},"url":"https:\/\/www.italiaisraele.org\/?author=2"}]}},"_links":{"self":[{"href":"https:\/\/www.italiaisraele.org\/index.php?rest_route=\/wp\/v2\/posts\/1959","targetHints":{"allow":["GET"]}}],"collection":[{"href":"https:\/\/www.italiaisraele.org\/index.php?rest_route=\/wp\/v2\/posts"}],"about":[{"href":"https:\/\/www.italiaisraele.org\/index.php?rest_route=\/wp\/v2\/types\/post"}],"author":[{"embeddable":true,"href":"https:\/\/www.italiaisraele.org\/index.php?rest_route=\/wp\/v2\/users\/2"}],"replies":[{"embeddable":true,"href":"https:\/\/www.italiaisraele.org\/index.php?rest_route=%2Fwp%2Fv2%2Fcomments&post=1959"}],"version-history":[{"count":0,"href":"https:\/\/www.italiaisraele.org\/index.php?rest_route=\/wp\/v2\/posts\/1959\/revisions"}],"wp:featuredmedia":[{"embeddable":true,"href":"https:\/\/www.italiaisraele.org\/index.php?rest_route=\/wp\/v2\/media\/1960"}],"wp:attachment":[{"href":"https:\/\/www.italiaisraele.org\/index.php?rest_route=%2Fwp%2Fv2%2Fmedia&parent=1959"}],"wp:term":[{"taxonomy":"category","embeddable":true,"href":"https:\/\/www.italiaisraele.org\/index.php?rest_route=%2Fwp%2Fv2%2Fcategories&post=1959"},{"taxonomy":"post_tag","embeddable":true,"href":"https:\/\/www.italiaisraele.org\/index.php?rest_route=%2Fwp%2Fv2%2Ftags&post=1959"}],"curies":[{"name":"wp","href":"https:\/\/api.w.org\/{rel}","templated":true}]}}