{"id":1934,"date":"2024-08-12T21:36:46","date_gmt":"2024-08-12T19:36:46","guid":{"rendered":"https:\/\/www.italiaisraele.org\/?p=1934"},"modified":"2024-11-25T11:59:07","modified_gmt":"2024-11-25T10:59:07","slug":"allerta-per-lattacco-iraniano-biden-chiama-gli-alleati","status":"publish","type":"post","link":"https:\/\/www.italiaisraele.org\/?p=1934","title":{"rendered":"Allerta per l&#8217;attacco iraniano, Biden chiama gli alleati"},"content":{"rendered":"\n<p>La temperatura della tensione in Medio Oriente torna a segnare valori altissimi. Dopo qualche segnale su un accordo pi\u00f9 vicino per una tregua a Gaza, che avrebbe potuto fermare (o quantomeno contenere) la rappresaglia iraniana su Israele, lo Stato ebraico ha comunicato agli americani che Teheran \u00e8 intenzionata ad attaccare a breve, forse anche prima dell&#8217;incontro del 15 agosto tra i mediatori del conflitto nella Striscia. La preoccupazione \u00e8 condivisa dagli Usa. Joe Biden ha sentito i leader di Francia, Germania, Italia e Regno Unito, per poi lanciare un appello congiunto all&#8217;Iran: \u00abFaccia un passo indietro\u00bb. Il Pentagono nel frattempo ha accelerato il dispiegamento dei militari nella regione, inviando anche un sottomarino nucleare, e lo Stato ebraico ha continuato a tenere i riflettori accesi sul nemico pi\u00f9 vicino, Hezbollah, che ha spostato i comandi fuori da Beirut per prepararsi ad un&#8217;escalation. L&#8217;Idf si sta preparando all&#8217;eventualit\u00e0 di attacco preventivo nei confronti delle milizie sciite libanesi. I ministri della Difesa di Israele e Usa, Yoav Gallant e Lloy Austin, nelle ultime settimane hanno parlato al telefono anche due volte al giorno. Inclusa domenica, per \u00abun coordinamento strategico e operativo alla luce degli ultimi sviluppi\u00bb, ha fatto sapere Gallant. Gli ultimi sviluppi, secondo due fonti citate dalla testata americana Axios, non sono buoni, perch\u00e9 la valutazione israeliana \u00e8 che Teheran \u00e8 orientata a colpire in uno spazio di giorni, probabilmente prima che si tengano i nuovi colloqui per un cessate il fuoco e il rilancio degli ultimi ostaggi a Gaza. In un momento altamente simbolico per Israele, che sta celebrando la ricorrenza del Tisha beav, la distruzione del Tempio di Gerusalemme e l&#8217;inizio della diaspora degli ebrei. Ancora non si conosce il momento esatto dell&#8217;attacco, ma \u00e8 emerso o che il regime degli ayatollah ha adottato \u00abmisure di preparazione significative delle sue unit\u00e0 missilistiche e di droni, simili a quelle che aveva adottato prima dell&#8217;attacco a Israele in aprile\u00bb. Allo stesso tempo, la situazione a Teheran viene definita \u00abfluida\u00bb e si d\u00e0 conto delle persistenti divisioni al suo interno: da una parte c&#8217;\u00e8 il presidente Masoud Pezeshkian che vuole evitare una risposta dura, mentre dall&#8217;altra il Corpo delle guardie rivoluzionarie vuole lanciare un attacco pi\u00f9 grande di quello sferrato proprio lo scorso 13 aprile. I preparativi per lo scenario peggiore vanno avanti. L&#8217;Idf ha chiesto ai soldati operativi di non digiunare durante il Tisha beav, mentre i comandi dell&#8217;aeronautica militare hanno ordinato agli ufficiali di non andare all&#8217;estero per le vacanze. \u00abSiamo preoccupati che l&#8217;Iran possa attaccare nei prossimi giorni e per questo il Pentagono ha fatto alcuni cambiamenti nella nostra postura militare nell&#8217;area\u00bb, ha confermato da Washington il portavoce del Consiglio per la sicurezza nazionale John Kirby. In particolare, la Difesa ha annunciato il dispiegamento in Medio Oriente dello Uss Georgia, un sottomarino missilistico a propulsione nucleare. Una comunicazionE rara, che lascia intendere l&#8217;intenzione americana di rafforzare i segnali di deterrenza. Austin inoltre ha disposto che la portaerei Abraham Lincoln \u00abacceleri il suo transito\u00bb verso la regione, per affiancarsi alla Theodore Roosevelt. Al livello diplomatico i telefoni sono roventi. Oltre ai colloqui tra i partner occidentali coordinati dalla Casa Bianca, c&#8217;\u00e8 in atto un pressing diretto nei confronti di Teheran. Francia, Gran Bretagna e Germania in una nota congiunta hanno avvertito che l&#8217;Iran \u00absi assumer\u00e0 la responsabilit\u00e0&#8221; nel caso provocasse una \u00abguerra totale\u00bb. Il cancelliere tedesco Olaf Scholz ha parlato con il presidente iraniano Pezeshkian, cos\u00ec come avevano fatto nei giorni scorsi Emmanuel Macron e Giorgia Meloni. E proprio dal governo italiano Tajani ha telefonato al ministro iraniano sottolineando che \u00abora \u00e8 il momento di evitare reazioni che alimentino il conflitto nella regione\u00bb. Da qui l&#8217;appello a \u00abvalutare prima la trattativa sul cessate il fuoco a Gaza e poi eventualmente scegliere cosa fare\u00bb. Ma il suo collega ha risposto con la stessa formula adottata finora, e cio\u00e8 che \u00abla reazione \u00e8 inevitabile\u00bb, ha riferito il titolare della Farnesina. Le tensioni con l&#8217;Iran si intrecciano pericolosamente con lo scenario di Gaza, dove le truppe israeliane continuano la loro caccia alle milizie di Hamas. Secondo i funzionari della fazione che governano la Striscia quasi 40mila persone sono rimaste uccise dal 7 ottobre. Di questi 16.400 sono bambini, \u00e8 la denuncia. (ANSA).<\/p>\n","protected":false},"excerpt":{"rendered":"<p>La temperatura della tensione in Medio Oriente torna a segnare valori altissimi. Dopo qualche segnale su un accordo pi\u00f9 vicino per una tregua a Gaza, che avrebbe potuto fermare (o quantomeno contenere) la rappresaglia iraniana su Israele, lo Stato ebraico ha comunicato agli americani che Teheran \u00e8 intenzionata ad attaccare a breve, forse anche prima [&hellip;]<\/p>\n","protected":false},"author":4,"featured_media":1935,"comment_status":"open","ping_status":"closed","sticky":false,"template":"","format":"standard","meta":{"iawp_total_views":87,"footnotes":""},"categories":[5],"tags":[99,134,13],"class_list":["post-1934","post","type-post","status-publish","format-standard","has-post-thumbnail","hentry","category-news","tag-biden","tag-iran","tag-israele"],"yoast_head":"<!-- This site is optimized with the Yoast SEO plugin v27.5 - https:\/\/yoast.com\/product\/yoast-seo-wordpress\/ -->\r\n<title>Allerta per l&#039;attacco iraniano, Biden chiama gli alleati - Federazione Associazioni Italia Israele<\/title>\r\n<meta name=\"robots\" content=\"index, follow, max-snippet:-1, max-image-preview:large, max-video-preview:-1\" \/>\r\n<link rel=\"canonical\" href=\"https:\/\/www.italiaisraele.org\/?p=1934\" \/>\r\n<meta property=\"og:locale\" content=\"it_IT\" \/>\r\n<meta property=\"og:type\" content=\"article\" \/>\r\n<meta property=\"og:title\" content=\"Allerta per l&#039;attacco iraniano, Biden chiama gli alleati - Federazione Associazioni Italia Israele\" \/>\r\n<meta property=\"og:description\" content=\"La temperatura della tensione in Medio Oriente torna a segnare valori altissimi. Dopo qualche segnale su un accordo pi\u00f9 vicino per una tregua a Gaza, che avrebbe potuto fermare (o quantomeno contenere) la rappresaglia iraniana su Israele, lo Stato ebraico ha comunicato agli americani che Teheran \u00e8 intenzionata ad attaccare a breve, forse anche prima [&hellip;]\" \/>\r\n<meta property=\"og:url\" content=\"https:\/\/www.italiaisraele.org\/?p=1934\" \/>\r\n<meta property=\"og:site_name\" content=\"Federazione Associazioni Italia Israele\" \/>\r\n<meta property=\"article:publisher\" content=\"https:\/\/www.facebook.com\/Federazione.Associazioni.Italia.Israele\" \/>\r\n<meta property=\"article:published_time\" content=\"2024-08-12T19:36:46+00:00\" \/>\r\n<meta property=\"article:modified_time\" content=\"2024-11-25T10:59:07+00:00\" \/>\r\n<meta property=\"og:image\" content=\"https:\/\/www.italiaisraele.org\/wp-content\/uploads\/2024\/08\/biden-Israele.jpg\" \/>\r\n\t<meta property=\"og:image:width\" content=\"275\" \/>\r\n\t<meta property=\"og:image:height\" content=\"183\" \/>\r\n\t<meta property=\"og:image:type\" content=\"image\/jpeg\" \/>\r\n<meta name=\"author\" content=\"Giuseppe Crimaldi\" \/>\r\n<meta name=\"twitter:card\" content=\"summary_large_image\" \/>\r\n<meta name=\"twitter:label1\" content=\"Scritto da\" \/>\n\t<meta name=\"twitter:data1\" content=\"Giuseppe Crimaldi\" \/>\n\t<meta name=\"twitter:label2\" content=\"Tempo di lettura stimato\" \/>\n\t<meta name=\"twitter:data2\" content=\"4 minuti\" \/>\r\n<script type=\"application\/ld+json\" class=\"yoast-schema-graph\">{\"@context\":\"https:\\\/\\\/schema.org\",\"@graph\":[{\"@type\":\"Article\",\"@id\":\"https:\\\/\\\/www.italiaisraele.org\\\/?p=1934#article\",\"isPartOf\":{\"@id\":\"https:\\\/\\\/www.italiaisraele.org\\\/?p=1934\"},\"author\":{\"name\":\"Giuseppe Crimaldi\",\"@id\":\"https:\\\/\\\/www.italiaisraele.org\\\/#\\\/schema\\\/person\\\/7784c17a23e6ef9cb737f3192f043fab\"},\"headline\":\"Allerta per l&#8217;attacco iraniano, Biden chiama gli alleati\",\"datePublished\":\"2024-08-12T19:36:46+00:00\",\"dateModified\":\"2024-11-25T10:59:07+00:00\",\"mainEntityOfPage\":{\"@id\":\"https:\\\/\\\/www.italiaisraele.org\\\/?p=1934\"},\"wordCount\":713,\"commentCount\":0,\"publisher\":{\"@id\":\"https:\\\/\\\/www.italiaisraele.org\\\/#organization\"},\"image\":{\"@id\":\"https:\\\/\\\/www.italiaisraele.org\\\/?p=1934#primaryimage\"},\"thumbnailUrl\":\"https:\\\/\\\/www.italiaisraele.org\\\/wp-content\\\/uploads\\\/2024\\\/08\\\/biden-Israele.jpg\",\"keywords\":[\"Biden\",\"Iran\",\"Israele\"],\"articleSection\":[\"News\"],\"inLanguage\":\"it-IT\",\"potentialAction\":[{\"@type\":\"CommentAction\",\"name\":\"Comment\",\"target\":[\"https:\\\/\\\/www.italiaisraele.org\\\/?p=1934#respond\"]}]},{\"@type\":\"WebPage\",\"@id\":\"https:\\\/\\\/www.italiaisraele.org\\\/?p=1934\",\"url\":\"https:\\\/\\\/www.italiaisraele.org\\\/?p=1934\",\"name\":\"Allerta per l'attacco iraniano, Biden chiama gli alleati - Federazione Associazioni Italia Israele\",\"isPartOf\":{\"@id\":\"https:\\\/\\\/www.italiaisraele.org\\\/#website\"},\"primaryImageOfPage\":{\"@id\":\"https:\\\/\\\/www.italiaisraele.org\\\/?p=1934#primaryimage\"},\"image\":{\"@id\":\"https:\\\/\\\/www.italiaisraele.org\\\/?p=1934#primaryimage\"},\"thumbnailUrl\":\"https:\\\/\\\/www.italiaisraele.org\\\/wp-content\\\/uploads\\\/2024\\\/08\\\/biden-Israele.jpg\",\"datePublished\":\"2024-08-12T19:36:46+00:00\",\"dateModified\":\"2024-11-25T10:59:07+00:00\",\"breadcrumb\":{\"@id\":\"https:\\\/\\\/www.italiaisraele.org\\\/?p=1934#breadcrumb\"},\"inLanguage\":\"it-IT\",\"potentialAction\":[{\"@type\":\"ReadAction\",\"target\":[\"https:\\\/\\\/www.italiaisraele.org\\\/?p=1934\"]}]},{\"@type\":\"ImageObject\",\"inLanguage\":\"it-IT\",\"@id\":\"https:\\\/\\\/www.italiaisraele.org\\\/?p=1934#primaryimage\",\"url\":\"https:\\\/\\\/www.italiaisraele.org\\\/wp-content\\\/uploads\\\/2024\\\/08\\\/biden-Israele.jpg\",\"contentUrl\":\"https:\\\/\\\/www.italiaisraele.org\\\/wp-content\\\/uploads\\\/2024\\\/08\\\/biden-Israele.jpg\",\"width\":275,\"height\":183},{\"@type\":\"BreadcrumbList\",\"@id\":\"https:\\\/\\\/www.italiaisraele.org\\\/?p=1934#breadcrumb\",\"itemListElement\":[{\"@type\":\"ListItem\",\"position\":1,\"name\":\"Home\",\"item\":\"https:\\\/\\\/www.italiaisraele.org\\\/\"},{\"@type\":\"ListItem\",\"position\":2,\"name\":\"Allerta per l&#8217;attacco iraniano, Biden chiama gli alleati\"}]},{\"@type\":\"WebSite\",\"@id\":\"https:\\\/\\\/www.italiaisraele.org\\\/#website\",\"url\":\"https:\\\/\\\/www.italiaisraele.org\\\/\",\"name\":\"News Italia - Israele\",\"description\":\"Italia Israele Today - Magazine\",\"publisher\":{\"@id\":\"https:\\\/\\\/www.italiaisraele.org\\\/#organization\"},\"potentialAction\":[{\"@type\":\"SearchAction\",\"target\":{\"@type\":\"EntryPoint\",\"urlTemplate\":\"https:\\\/\\\/www.italiaisraele.org\\\/?s={search_term_string}\"},\"query-input\":{\"@type\":\"PropertyValueSpecification\",\"valueRequired\":true,\"valueName\":\"search_term_string\"}}],\"inLanguage\":\"it-IT\"},{\"@type\":\"Organization\",\"@id\":\"https:\\\/\\\/www.italiaisraele.org\\\/#organization\",\"name\":\"News Italia - Israele\",\"url\":\"https:\\\/\\\/www.italiaisraele.org\\\/\",\"logo\":{\"@type\":\"ImageObject\",\"inLanguage\":\"it-IT\",\"@id\":\"https:\\\/\\\/www.italiaisraele.org\\\/#\\\/schema\\\/logo\\\/image\\\/\",\"url\":\"https:\\\/\\\/www.italiaisraele.org\\\/wp-content\\\/uploads\\\/2024\\\/02\\\/cropped-cropped-TESTATA-NEWS-2.jpg\",\"contentUrl\":\"https:\\\/\\\/www.italiaisraele.org\\\/wp-content\\\/uploads\\\/2024\\\/02\\\/cropped-cropped-TESTATA-NEWS-2.jpg\",\"width\":1918,\"height\":291,\"caption\":\"News Italia - Israele\"},\"image\":{\"@id\":\"https:\\\/\\\/www.italiaisraele.org\\\/#\\\/schema\\\/logo\\\/image\\\/\"},\"sameAs\":[\"https:\\\/\\\/www.facebook.com\\\/Federazione.Associazioni.Italia.Israele\"]},{\"@type\":\"Person\",\"@id\":\"https:\\\/\\\/www.italiaisraele.org\\\/#\\\/schema\\\/person\\\/7784c17a23e6ef9cb737f3192f043fab\",\"name\":\"Giuseppe Crimaldi\",\"image\":{\"@type\":\"ImageObject\",\"inLanguage\":\"it-IT\",\"@id\":\"https:\\\/\\\/secure.gravatar.com\\\/avatar\\\/a6ddf67481d5d5efef9847e6f4c99a77e7129e93382ea6de1e9ea96b8deec707?s=96&d=mm&r=g\",\"url\":\"https:\\\/\\\/secure.gravatar.com\\\/avatar\\\/a6ddf67481d5d5efef9847e6f4c99a77e7129e93382ea6de1e9ea96b8deec707?s=96&d=mm&r=g\",\"contentUrl\":\"https:\\\/\\\/secure.gravatar.com\\\/avatar\\\/a6ddf67481d5d5efef9847e6f4c99a77e7129e93382ea6de1e9ea96b8deec707?s=96&d=mm&r=g\",\"caption\":\"Giuseppe Crimaldi\"},\"url\":\"https:\\\/\\\/www.italiaisraele.org\\\/?author=4\"}]}<\/script>\r\n<!-- \/ Yoast SEO plugin. -->","yoast_head_json":{"title":"Allerta per l'attacco iraniano, Biden chiama gli alleati - Federazione Associazioni Italia Israele","robots":{"index":"index","follow":"follow","max-snippet":"max-snippet:-1","max-image-preview":"max-image-preview:large","max-video-preview":"max-video-preview:-1"},"canonical":"https:\/\/www.italiaisraele.org\/?p=1934","og_locale":"it_IT","og_type":"article","og_title":"Allerta per l'attacco iraniano, Biden chiama gli alleati - Federazione Associazioni Italia Israele","og_description":"La temperatura della tensione in Medio Oriente torna a segnare valori altissimi. Dopo qualche segnale su un accordo pi\u00f9 vicino per una tregua a Gaza, che avrebbe potuto fermare (o quantomeno contenere) la rappresaglia iraniana su Israele, lo Stato ebraico ha comunicato agli americani che Teheran \u00e8 intenzionata ad attaccare a breve, forse anche prima [&hellip;]","og_url":"https:\/\/www.italiaisraele.org\/?p=1934","og_site_name":"Federazione Associazioni Italia Israele","article_publisher":"https:\/\/www.facebook.com\/Federazione.Associazioni.Italia.Israele","article_published_time":"2024-08-12T19:36:46+00:00","article_modified_time":"2024-11-25T10:59:07+00:00","og_image":[{"width":275,"height":183,"url":"https:\/\/www.italiaisraele.org\/wp-content\/uploads\/2024\/08\/biden-Israele.jpg","type":"image\/jpeg"}],"author":"Giuseppe Crimaldi","twitter_card":"summary_large_image","twitter_misc":{"Scritto da":"Giuseppe Crimaldi","Tempo di lettura stimato":"4 minuti"},"schema":{"@context":"https:\/\/schema.org","@graph":[{"@type":"Article","@id":"https:\/\/www.italiaisraele.org\/?p=1934#article","isPartOf":{"@id":"https:\/\/www.italiaisraele.org\/?p=1934"},"author":{"name":"Giuseppe Crimaldi","@id":"https:\/\/www.italiaisraele.org\/#\/schema\/person\/7784c17a23e6ef9cb737f3192f043fab"},"headline":"Allerta per l&#8217;attacco iraniano, Biden chiama gli alleati","datePublished":"2024-08-12T19:36:46+00:00","dateModified":"2024-11-25T10:59:07+00:00","mainEntityOfPage":{"@id":"https:\/\/www.italiaisraele.org\/?p=1934"},"wordCount":713,"commentCount":0,"publisher":{"@id":"https:\/\/www.italiaisraele.org\/#organization"},"image":{"@id":"https:\/\/www.italiaisraele.org\/?p=1934#primaryimage"},"thumbnailUrl":"https:\/\/www.italiaisraele.org\/wp-content\/uploads\/2024\/08\/biden-Israele.jpg","keywords":["Biden","Iran","Israele"],"articleSection":["News"],"inLanguage":"it-IT","potentialAction":[{"@type":"CommentAction","name":"Comment","target":["https:\/\/www.italiaisraele.org\/?p=1934#respond"]}]},{"@type":"WebPage","@id":"https:\/\/www.italiaisraele.org\/?p=1934","url":"https:\/\/www.italiaisraele.org\/?p=1934","name":"Allerta per l'attacco iraniano, Biden chiama gli alleati - Federazione Associazioni Italia Israele","isPartOf":{"@id":"https:\/\/www.italiaisraele.org\/#website"},"primaryImageOfPage":{"@id":"https:\/\/www.italiaisraele.org\/?p=1934#primaryimage"},"image":{"@id":"https:\/\/www.italiaisraele.org\/?p=1934#primaryimage"},"thumbnailUrl":"https:\/\/www.italiaisraele.org\/wp-content\/uploads\/2024\/08\/biden-Israele.jpg","datePublished":"2024-08-12T19:36:46+00:00","dateModified":"2024-11-25T10:59:07+00:00","breadcrumb":{"@id":"https:\/\/www.italiaisraele.org\/?p=1934#breadcrumb"},"inLanguage":"it-IT","potentialAction":[{"@type":"ReadAction","target":["https:\/\/www.italiaisraele.org\/?p=1934"]}]},{"@type":"ImageObject","inLanguage":"it-IT","@id":"https:\/\/www.italiaisraele.org\/?p=1934#primaryimage","url":"https:\/\/www.italiaisraele.org\/wp-content\/uploads\/2024\/08\/biden-Israele.jpg","contentUrl":"https:\/\/www.italiaisraele.org\/wp-content\/uploads\/2024\/08\/biden-Israele.jpg","width":275,"height":183},{"@type":"BreadcrumbList","@id":"https:\/\/www.italiaisraele.org\/?p=1934#breadcrumb","itemListElement":[{"@type":"ListItem","position":1,"name":"Home","item":"https:\/\/www.italiaisraele.org\/"},{"@type":"ListItem","position":2,"name":"Allerta per l&#8217;attacco iraniano, Biden chiama gli alleati"}]},{"@type":"WebSite","@id":"https:\/\/www.italiaisraele.org\/#website","url":"https:\/\/www.italiaisraele.org\/","name":"News Italia - Israele","description":"Italia Israele Today - Magazine","publisher":{"@id":"https:\/\/www.italiaisraele.org\/#organization"},"potentialAction":[{"@type":"SearchAction","target":{"@type":"EntryPoint","urlTemplate":"https:\/\/www.italiaisraele.org\/?s={search_term_string}"},"query-input":{"@type":"PropertyValueSpecification","valueRequired":true,"valueName":"search_term_string"}}],"inLanguage":"it-IT"},{"@type":"Organization","@id":"https:\/\/www.italiaisraele.org\/#organization","name":"News Italia - Israele","url":"https:\/\/www.italiaisraele.org\/","logo":{"@type":"ImageObject","inLanguage":"it-IT","@id":"https:\/\/www.italiaisraele.org\/#\/schema\/logo\/image\/","url":"https:\/\/www.italiaisraele.org\/wp-content\/uploads\/2024\/02\/cropped-cropped-TESTATA-NEWS-2.jpg","contentUrl":"https:\/\/www.italiaisraele.org\/wp-content\/uploads\/2024\/02\/cropped-cropped-TESTATA-NEWS-2.jpg","width":1918,"height":291,"caption":"News Italia - Israele"},"image":{"@id":"https:\/\/www.italiaisraele.org\/#\/schema\/logo\/image\/"},"sameAs":["https:\/\/www.facebook.com\/Federazione.Associazioni.Italia.Israele"]},{"@type":"Person","@id":"https:\/\/www.italiaisraele.org\/#\/schema\/person\/7784c17a23e6ef9cb737f3192f043fab","name":"Giuseppe Crimaldi","image":{"@type":"ImageObject","inLanguage":"it-IT","@id":"https:\/\/secure.gravatar.com\/avatar\/a6ddf67481d5d5efef9847e6f4c99a77e7129e93382ea6de1e9ea96b8deec707?s=96&d=mm&r=g","url":"https:\/\/secure.gravatar.com\/avatar\/a6ddf67481d5d5efef9847e6f4c99a77e7129e93382ea6de1e9ea96b8deec707?s=96&d=mm&r=g","contentUrl":"https:\/\/secure.gravatar.com\/avatar\/a6ddf67481d5d5efef9847e6f4c99a77e7129e93382ea6de1e9ea96b8deec707?s=96&d=mm&r=g","caption":"Giuseppe Crimaldi"},"url":"https:\/\/www.italiaisraele.org\/?author=4"}]}},"_links":{"self":[{"href":"https:\/\/www.italiaisraele.org\/index.php?rest_route=\/wp\/v2\/posts\/1934","targetHints":{"allow":["GET"]}}],"collection":[{"href":"https:\/\/www.italiaisraele.org\/index.php?rest_route=\/wp\/v2\/posts"}],"about":[{"href":"https:\/\/www.italiaisraele.org\/index.php?rest_route=\/wp\/v2\/types\/post"}],"author":[{"embeddable":true,"href":"https:\/\/www.italiaisraele.org\/index.php?rest_route=\/wp\/v2\/users\/4"}],"replies":[{"embeddable":true,"href":"https:\/\/www.italiaisraele.org\/index.php?rest_route=%2Fwp%2Fv2%2Fcomments&post=1934"}],"version-history":[{"count":0,"href":"https:\/\/www.italiaisraele.org\/index.php?rest_route=\/wp\/v2\/posts\/1934\/revisions"}],"wp:featuredmedia":[{"embeddable":true,"href":"https:\/\/www.italiaisraele.org\/index.php?rest_route=\/wp\/v2\/media\/1935"}],"wp:attachment":[{"href":"https:\/\/www.italiaisraele.org\/index.php?rest_route=%2Fwp%2Fv2%2Fmedia&parent=1934"}],"wp:term":[{"taxonomy":"category","embeddable":true,"href":"https:\/\/www.italiaisraele.org\/index.php?rest_route=%2Fwp%2Fv2%2Fcategories&post=1934"},{"taxonomy":"post_tag","embeddable":true,"href":"https:\/\/www.italiaisraele.org\/index.php?rest_route=%2Fwp%2Fv2%2Ftags&post=1934"}],"curies":[{"name":"wp","href":"https:\/\/api.w.org\/{rel}","templated":true}]}}