{"id":1925,"date":"2024-08-12T10:34:37","date_gmt":"2024-08-12T08:34:37","guid":{"rendered":"https:\/\/www.italiaisraele.org\/?p=1925"},"modified":"2024-11-25T11:59:57","modified_gmt":"2024-11-25T10:59:57","slug":"mo-in-arrivo-la-seconda-portaerei-americana","status":"publish","type":"post","link":"https:\/\/www.italiaisraele.org\/?p=1925","title":{"rendered":"MO, in arrivo la seconda portaerei americana"},"content":{"rendered":"\n<p><strong><em>SI VIS PACEM, PARA BELLUM<\/em><\/strong><\/p>\n\n\n\n<p>E due. Poich\u00e9 con gli infidi non c&#8217;\u00e8 spazio per la fiducia, meglio prevenire che curare. E questa \u00e8 la linea dell&#8217;amministrazione americana, che giustamente diffida degli iraniani, che stanno mettendo in campo una guerra di logoramento contro Israele, e che &#8211; questo \u00e8 certo &#8211; lanceranno il minacciato attacco contro lo Stato Ebraico.<\/p>\n\n\n\n<figure class=\"wp-block-image size-full is-resized\"><img loading=\"lazy\" decoding=\"async\" width=\"600\" height=\"395\" src=\"https:\/\/www.italiaisraele.org\/wp-content\/uploads\/2024\/08\/Lincoln.jpg\" alt=\"\" class=\"wp-image-1927\" style=\"width:794px;height:auto\" srcset=\"https:\/\/www.italiaisraele.org\/wp-content\/uploads\/2024\/08\/Lincoln.jpg 600w, https:\/\/www.italiaisraele.org\/wp-content\/uploads\/2024\/08\/Lincoln-300x198.jpg 300w\" sizes=\"auto, (max-width: 600px) 100vw, 600px\" \/><figcaption class=\"wp-element-caption\">(Foto EPA\/HANNAH REYES)<\/figcaption><\/figure>\n\n\n\n<p>Per questo il segretario alla Difesa americano Lloyd Austin ha ordinato alla portaerei Uss Abraham Lincoln di \u00abaccelerare il suo transito\u00bb verso il Medio Oriente, dove continuano a crescere i timori di una regionalizzazione della guerra tra Israele e Hamas. Lo ha reso noto il Pentagono. Austin ha ordinato alla flotta guidata dalla Lincoln, che trasporta aerei da combattimento F-35C, di muoversi pi\u00f9 velocemente, ha detto il portavoce americano Pat Ryder, di fronte al rischio di un&#8217;offensiva su larga scala da parte degli Hezbollah libanesi sostenuti dall&#8217;Iran o dalla stessa Teheran contro lo Stato ebraico. Il segretario alla Difesa americano ha anche ordinato lo spiegamento del sottomarino nucleare con missili da crociera Uss Georgia nella stessa area, ha aggiunto Ryder. Austin ha avuto una conversazione con il suo omologo israeliano Yoav Gallant. I due hanno discusso \u00abdell&#8217;importanza di ridurre il danno arrecato ai civili, di procedere verso la conclusione di un cessate il fuoco e il rilascio degli ostaggi detenuti\u00bb nella Striscia di Gaza, nonch\u00e9 di scoraggiare i gruppi sostenuti dall&#8217;Iran ad attaccare. Washington ha annunciato la scorsa settimana il rafforzamento della propria presenza militare in Medio Oriente, dispiegando pi\u00f9 navi da guerra e aerei da combattimento. La Uss Abraham Lincoln si unir\u00e0 nella regione a un&#8217;altra portaerei americana, la Uss Theodore Roosevelt. <\/p>\n\n\n\n<p>(Fonti: ANSA-AFP).<\/p>\n","protected":false},"excerpt":{"rendered":"<p>SI VIS PACEM, PARA BELLUM E due. Poich\u00e9 con gli infidi non c&#8217;\u00e8 spazio per la fiducia, meglio prevenire che curare. E questa \u00e8 la linea dell&#8217;amministrazione americana, che giustamente diffida degli iraniani, che stanno mettendo in campo una guerra di logoramento contro Israele, e che &#8211; questo \u00e8 certo &#8211; lanceranno il minacciato attacco [&hellip;]<\/p>\n","protected":false},"author":4,"featured_media":1926,"comment_status":"open","ping_status":"closed","sticky":false,"template":"","format":"standard","meta":{"iawp_total_views":28,"footnotes":""},"categories":[5],"tags":[415,13,416,414],"class_list":["post-1925","post","type-post","status-publish","format-standard","has-post-thumbnail","hentry","category-news","tag-austin","tag-israele","tag-portaerei-lincoln","tag-stati-uniti"],"yoast_head":"<!-- This site is optimized with the Yoast SEO plugin v27.5 - https:\/\/yoast.com\/product\/yoast-seo-wordpress\/ -->\r\n<title>MO, in arrivo la seconda portaerei americana - Federazione Associazioni Italia Israele<\/title>\r\n<meta name=\"robots\" content=\"index, follow, max-snippet:-1, max-image-preview:large, max-video-preview:-1\" \/>\r\n<link rel=\"canonical\" href=\"https:\/\/www.italiaisraele.org\/?p=1925\" \/>\r\n<meta property=\"og:locale\" content=\"it_IT\" \/>\r\n<meta property=\"og:type\" content=\"article\" \/>\r\n<meta property=\"og:title\" content=\"MO, in arrivo la seconda portaerei americana - Federazione Associazioni Italia Israele\" \/>\r\n<meta property=\"og:description\" content=\"SI VIS PACEM, PARA BELLUM E due. Poich\u00e9 con gli infidi non c&#8217;\u00e8 spazio per la fiducia, meglio prevenire che curare. E questa \u00e8 la linea dell&#8217;amministrazione americana, che giustamente diffida degli iraniani, che stanno mettendo in campo una guerra di logoramento contro Israele, e che &#8211; questo \u00e8 certo &#8211; lanceranno il minacciato attacco [&hellip;]\" \/>\r\n<meta property=\"og:url\" content=\"https:\/\/www.italiaisraele.org\/?p=1925\" \/>\r\n<meta property=\"og:site_name\" content=\"Federazione Associazioni Italia Israele\" \/>\r\n<meta property=\"article:publisher\" content=\"https:\/\/www.facebook.com\/Federazione.Associazioni.Italia.Israele\" \/>\r\n<meta property=\"article:published_time\" content=\"2024-08-12T08:34:37+00:00\" \/>\r\n<meta property=\"article:modified_time\" content=\"2024-11-25T10:59:57+00:00\" \/>\r\n<meta property=\"og:image\" content=\"https:\/\/www.italiaisraele.org\/wp-content\/uploads\/2024\/08\/Usa-Israele.jpeg\" \/>\r\n\t<meta property=\"og:image:width\" content=\"696\" \/>\r\n\t<meta property=\"og:image:height\" content=\"389\" \/>\r\n\t<meta property=\"og:image:type\" content=\"image\/jpeg\" \/>\r\n<meta name=\"author\" content=\"Giuseppe Crimaldi\" \/>\r\n<meta name=\"twitter:card\" content=\"summary_large_image\" \/>\r\n<meta name=\"twitter:label1\" content=\"Scritto da\" \/>\n\t<meta name=\"twitter:data1\" content=\"Giuseppe Crimaldi\" \/>\n\t<meta name=\"twitter:label2\" content=\"Tempo di lettura stimato\" \/>\n\t<meta name=\"twitter:data2\" content=\"2 minuti\" \/>\r\n<script type=\"application\/ld+json\" class=\"yoast-schema-graph\">{\"@context\":\"https:\\\/\\\/schema.org\",\"@graph\":[{\"@type\":\"Article\",\"@id\":\"https:\\\/\\\/www.italiaisraele.org\\\/?p=1925#article\",\"isPartOf\":{\"@id\":\"https:\\\/\\\/www.italiaisraele.org\\\/?p=1925\"},\"author\":{\"name\":\"Giuseppe Crimaldi\",\"@id\":\"https:\\\/\\\/www.italiaisraele.org\\\/#\\\/schema\\\/person\\\/7784c17a23e6ef9cb737f3192f043fab\"},\"headline\":\"MO, in arrivo la seconda portaerei americana\",\"datePublished\":\"2024-08-12T08:34:37+00:00\",\"dateModified\":\"2024-11-25T10:59:57+00:00\",\"mainEntityOfPage\":{\"@id\":\"https:\\\/\\\/www.italiaisraele.org\\\/?p=1925\"},\"wordCount\":290,\"commentCount\":0,\"publisher\":{\"@id\":\"https:\\\/\\\/www.italiaisraele.org\\\/#organization\"},\"image\":{\"@id\":\"https:\\\/\\\/www.italiaisraele.org\\\/?p=1925#primaryimage\"},\"thumbnailUrl\":\"https:\\\/\\\/www.italiaisraele.org\\\/wp-content\\\/uploads\\\/2024\\\/08\\\/Usa-Israele.jpeg\",\"keywords\":[\"Austin\",\"Israele\",\"portaerei Lincoln\",\"Stati Uniti\"],\"articleSection\":[\"News\"],\"inLanguage\":\"it-IT\",\"potentialAction\":[{\"@type\":\"CommentAction\",\"name\":\"Comment\",\"target\":[\"https:\\\/\\\/www.italiaisraele.org\\\/?p=1925#respond\"]}]},{\"@type\":\"WebPage\",\"@id\":\"https:\\\/\\\/www.italiaisraele.org\\\/?p=1925\",\"url\":\"https:\\\/\\\/www.italiaisraele.org\\\/?p=1925\",\"name\":\"MO, in arrivo la seconda portaerei americana - Federazione Associazioni Italia Israele\",\"isPartOf\":{\"@id\":\"https:\\\/\\\/www.italiaisraele.org\\\/#website\"},\"primaryImageOfPage\":{\"@id\":\"https:\\\/\\\/www.italiaisraele.org\\\/?p=1925#primaryimage\"},\"image\":{\"@id\":\"https:\\\/\\\/www.italiaisraele.org\\\/?p=1925#primaryimage\"},\"thumbnailUrl\":\"https:\\\/\\\/www.italiaisraele.org\\\/wp-content\\\/uploads\\\/2024\\\/08\\\/Usa-Israele.jpeg\",\"datePublished\":\"2024-08-12T08:34:37+00:00\",\"dateModified\":\"2024-11-25T10:59:57+00:00\",\"breadcrumb\":{\"@id\":\"https:\\\/\\\/www.italiaisraele.org\\\/?p=1925#breadcrumb\"},\"inLanguage\":\"it-IT\",\"potentialAction\":[{\"@type\":\"ReadAction\",\"target\":[\"https:\\\/\\\/www.italiaisraele.org\\\/?p=1925\"]}]},{\"@type\":\"ImageObject\",\"inLanguage\":\"it-IT\",\"@id\":\"https:\\\/\\\/www.italiaisraele.org\\\/?p=1925#primaryimage\",\"url\":\"https:\\\/\\\/www.italiaisraele.org\\\/wp-content\\\/uploads\\\/2024\\\/08\\\/Usa-Israele.jpeg\",\"contentUrl\":\"https:\\\/\\\/www.italiaisraele.org\\\/wp-content\\\/uploads\\\/2024\\\/08\\\/Usa-Israele.jpeg\",\"width\":696,\"height\":389},{\"@type\":\"BreadcrumbList\",\"@id\":\"https:\\\/\\\/www.italiaisraele.org\\\/?p=1925#breadcrumb\",\"itemListElement\":[{\"@type\":\"ListItem\",\"position\":1,\"name\":\"Home\",\"item\":\"https:\\\/\\\/www.italiaisraele.org\\\/\"},{\"@type\":\"ListItem\",\"position\":2,\"name\":\"MO, in arrivo la seconda portaerei americana\"}]},{\"@type\":\"WebSite\",\"@id\":\"https:\\\/\\\/www.italiaisraele.org\\\/#website\",\"url\":\"https:\\\/\\\/www.italiaisraele.org\\\/\",\"name\":\"News Italia - Israele\",\"description\":\"Italia Israele Today - Magazine\",\"publisher\":{\"@id\":\"https:\\\/\\\/www.italiaisraele.org\\\/#organization\"},\"potentialAction\":[{\"@type\":\"SearchAction\",\"target\":{\"@type\":\"EntryPoint\",\"urlTemplate\":\"https:\\\/\\\/www.italiaisraele.org\\\/?s={search_term_string}\"},\"query-input\":{\"@type\":\"PropertyValueSpecification\",\"valueRequired\":true,\"valueName\":\"search_term_string\"}}],\"inLanguage\":\"it-IT\"},{\"@type\":\"Organization\",\"@id\":\"https:\\\/\\\/www.italiaisraele.org\\\/#organization\",\"name\":\"News Italia - Israele\",\"url\":\"https:\\\/\\\/www.italiaisraele.org\\\/\",\"logo\":{\"@type\":\"ImageObject\",\"inLanguage\":\"it-IT\",\"@id\":\"https:\\\/\\\/www.italiaisraele.org\\\/#\\\/schema\\\/logo\\\/image\\\/\",\"url\":\"https:\\\/\\\/www.italiaisraele.org\\\/wp-content\\\/uploads\\\/2024\\\/02\\\/cropped-cropped-TESTATA-NEWS-2.jpg\",\"contentUrl\":\"https:\\\/\\\/www.italiaisraele.org\\\/wp-content\\\/uploads\\\/2024\\\/02\\\/cropped-cropped-TESTATA-NEWS-2.jpg\",\"width\":1918,\"height\":291,\"caption\":\"News Italia - Israele\"},\"image\":{\"@id\":\"https:\\\/\\\/www.italiaisraele.org\\\/#\\\/schema\\\/logo\\\/image\\\/\"},\"sameAs\":[\"https:\\\/\\\/www.facebook.com\\\/Federazione.Associazioni.Italia.Israele\"]},{\"@type\":\"Person\",\"@id\":\"https:\\\/\\\/www.italiaisraele.org\\\/#\\\/schema\\\/person\\\/7784c17a23e6ef9cb737f3192f043fab\",\"name\":\"Giuseppe Crimaldi\",\"image\":{\"@type\":\"ImageObject\",\"inLanguage\":\"it-IT\",\"@id\":\"https:\\\/\\\/secure.gravatar.com\\\/avatar\\\/a6ddf67481d5d5efef9847e6f4c99a77e7129e93382ea6de1e9ea96b8deec707?s=96&d=mm&r=g\",\"url\":\"https:\\\/\\\/secure.gravatar.com\\\/avatar\\\/a6ddf67481d5d5efef9847e6f4c99a77e7129e93382ea6de1e9ea96b8deec707?s=96&d=mm&r=g\",\"contentUrl\":\"https:\\\/\\\/secure.gravatar.com\\\/avatar\\\/a6ddf67481d5d5efef9847e6f4c99a77e7129e93382ea6de1e9ea96b8deec707?s=96&d=mm&r=g\",\"caption\":\"Giuseppe Crimaldi\"},\"url\":\"https:\\\/\\\/www.italiaisraele.org\\\/?author=4\"}]}<\/script>\r\n<!-- \/ Yoast SEO plugin. -->","yoast_head_json":{"title":"MO, in arrivo la seconda portaerei americana - Federazione Associazioni Italia Israele","robots":{"index":"index","follow":"follow","max-snippet":"max-snippet:-1","max-image-preview":"max-image-preview:large","max-video-preview":"max-video-preview:-1"},"canonical":"https:\/\/www.italiaisraele.org\/?p=1925","og_locale":"it_IT","og_type":"article","og_title":"MO, in arrivo la seconda portaerei americana - Federazione Associazioni Italia Israele","og_description":"SI VIS PACEM, PARA BELLUM E due. Poich\u00e9 con gli infidi non c&#8217;\u00e8 spazio per la fiducia, meglio prevenire che curare. E questa \u00e8 la linea dell&#8217;amministrazione americana, che giustamente diffida degli iraniani, che stanno mettendo in campo una guerra di logoramento contro Israele, e che &#8211; questo \u00e8 certo &#8211; lanceranno il minacciato attacco [&hellip;]","og_url":"https:\/\/www.italiaisraele.org\/?p=1925","og_site_name":"Federazione Associazioni Italia Israele","article_publisher":"https:\/\/www.facebook.com\/Federazione.Associazioni.Italia.Israele","article_published_time":"2024-08-12T08:34:37+00:00","article_modified_time":"2024-11-25T10:59:57+00:00","og_image":[{"width":696,"height":389,"url":"https:\/\/www.italiaisraele.org\/wp-content\/uploads\/2024\/08\/Usa-Israele.jpeg","type":"image\/jpeg"}],"author":"Giuseppe Crimaldi","twitter_card":"summary_large_image","twitter_misc":{"Scritto da":"Giuseppe Crimaldi","Tempo di lettura stimato":"2 minuti"},"schema":{"@context":"https:\/\/schema.org","@graph":[{"@type":"Article","@id":"https:\/\/www.italiaisraele.org\/?p=1925#article","isPartOf":{"@id":"https:\/\/www.italiaisraele.org\/?p=1925"},"author":{"name":"Giuseppe Crimaldi","@id":"https:\/\/www.italiaisraele.org\/#\/schema\/person\/7784c17a23e6ef9cb737f3192f043fab"},"headline":"MO, in arrivo la seconda portaerei americana","datePublished":"2024-08-12T08:34:37+00:00","dateModified":"2024-11-25T10:59:57+00:00","mainEntityOfPage":{"@id":"https:\/\/www.italiaisraele.org\/?p=1925"},"wordCount":290,"commentCount":0,"publisher":{"@id":"https:\/\/www.italiaisraele.org\/#organization"},"image":{"@id":"https:\/\/www.italiaisraele.org\/?p=1925#primaryimage"},"thumbnailUrl":"https:\/\/www.italiaisraele.org\/wp-content\/uploads\/2024\/08\/Usa-Israele.jpeg","keywords":["Austin","Israele","portaerei Lincoln","Stati Uniti"],"articleSection":["News"],"inLanguage":"it-IT","potentialAction":[{"@type":"CommentAction","name":"Comment","target":["https:\/\/www.italiaisraele.org\/?p=1925#respond"]}]},{"@type":"WebPage","@id":"https:\/\/www.italiaisraele.org\/?p=1925","url":"https:\/\/www.italiaisraele.org\/?p=1925","name":"MO, in arrivo la seconda portaerei americana - Federazione Associazioni Italia Israele","isPartOf":{"@id":"https:\/\/www.italiaisraele.org\/#website"},"primaryImageOfPage":{"@id":"https:\/\/www.italiaisraele.org\/?p=1925#primaryimage"},"image":{"@id":"https:\/\/www.italiaisraele.org\/?p=1925#primaryimage"},"thumbnailUrl":"https:\/\/www.italiaisraele.org\/wp-content\/uploads\/2024\/08\/Usa-Israele.jpeg","datePublished":"2024-08-12T08:34:37+00:00","dateModified":"2024-11-25T10:59:57+00:00","breadcrumb":{"@id":"https:\/\/www.italiaisraele.org\/?p=1925#breadcrumb"},"inLanguage":"it-IT","potentialAction":[{"@type":"ReadAction","target":["https:\/\/www.italiaisraele.org\/?p=1925"]}]},{"@type":"ImageObject","inLanguage":"it-IT","@id":"https:\/\/www.italiaisraele.org\/?p=1925#primaryimage","url":"https:\/\/www.italiaisraele.org\/wp-content\/uploads\/2024\/08\/Usa-Israele.jpeg","contentUrl":"https:\/\/www.italiaisraele.org\/wp-content\/uploads\/2024\/08\/Usa-Israele.jpeg","width":696,"height":389},{"@type":"BreadcrumbList","@id":"https:\/\/www.italiaisraele.org\/?p=1925#breadcrumb","itemListElement":[{"@type":"ListItem","position":1,"name":"Home","item":"https:\/\/www.italiaisraele.org\/"},{"@type":"ListItem","position":2,"name":"MO, in arrivo la seconda portaerei americana"}]},{"@type":"WebSite","@id":"https:\/\/www.italiaisraele.org\/#website","url":"https:\/\/www.italiaisraele.org\/","name":"News Italia - Israele","description":"Italia Israele Today - Magazine","publisher":{"@id":"https:\/\/www.italiaisraele.org\/#organization"},"potentialAction":[{"@type":"SearchAction","target":{"@type":"EntryPoint","urlTemplate":"https:\/\/www.italiaisraele.org\/?s={search_term_string}"},"query-input":{"@type":"PropertyValueSpecification","valueRequired":true,"valueName":"search_term_string"}}],"inLanguage":"it-IT"},{"@type":"Organization","@id":"https:\/\/www.italiaisraele.org\/#organization","name":"News Italia - Israele","url":"https:\/\/www.italiaisraele.org\/","logo":{"@type":"ImageObject","inLanguage":"it-IT","@id":"https:\/\/www.italiaisraele.org\/#\/schema\/logo\/image\/","url":"https:\/\/www.italiaisraele.org\/wp-content\/uploads\/2024\/02\/cropped-cropped-TESTATA-NEWS-2.jpg","contentUrl":"https:\/\/www.italiaisraele.org\/wp-content\/uploads\/2024\/02\/cropped-cropped-TESTATA-NEWS-2.jpg","width":1918,"height":291,"caption":"News Italia - Israele"},"image":{"@id":"https:\/\/www.italiaisraele.org\/#\/schema\/logo\/image\/"},"sameAs":["https:\/\/www.facebook.com\/Federazione.Associazioni.Italia.Israele"]},{"@type":"Person","@id":"https:\/\/www.italiaisraele.org\/#\/schema\/person\/7784c17a23e6ef9cb737f3192f043fab","name":"Giuseppe Crimaldi","image":{"@type":"ImageObject","inLanguage":"it-IT","@id":"https:\/\/secure.gravatar.com\/avatar\/a6ddf67481d5d5efef9847e6f4c99a77e7129e93382ea6de1e9ea96b8deec707?s=96&d=mm&r=g","url":"https:\/\/secure.gravatar.com\/avatar\/a6ddf67481d5d5efef9847e6f4c99a77e7129e93382ea6de1e9ea96b8deec707?s=96&d=mm&r=g","contentUrl":"https:\/\/secure.gravatar.com\/avatar\/a6ddf67481d5d5efef9847e6f4c99a77e7129e93382ea6de1e9ea96b8deec707?s=96&d=mm&r=g","caption":"Giuseppe Crimaldi"},"url":"https:\/\/www.italiaisraele.org\/?author=4"}]}},"_links":{"self":[{"href":"https:\/\/www.italiaisraele.org\/index.php?rest_route=\/wp\/v2\/posts\/1925","targetHints":{"allow":["GET"]}}],"collection":[{"href":"https:\/\/www.italiaisraele.org\/index.php?rest_route=\/wp\/v2\/posts"}],"about":[{"href":"https:\/\/www.italiaisraele.org\/index.php?rest_route=\/wp\/v2\/types\/post"}],"author":[{"embeddable":true,"href":"https:\/\/www.italiaisraele.org\/index.php?rest_route=\/wp\/v2\/users\/4"}],"replies":[{"embeddable":true,"href":"https:\/\/www.italiaisraele.org\/index.php?rest_route=%2Fwp%2Fv2%2Fcomments&post=1925"}],"version-history":[{"count":0,"href":"https:\/\/www.italiaisraele.org\/index.php?rest_route=\/wp\/v2\/posts\/1925\/revisions"}],"wp:featuredmedia":[{"embeddable":true,"href":"https:\/\/www.italiaisraele.org\/index.php?rest_route=\/wp\/v2\/media\/1926"}],"wp:attachment":[{"href":"https:\/\/www.italiaisraele.org\/index.php?rest_route=%2Fwp%2Fv2%2Fmedia&parent=1925"}],"wp:term":[{"taxonomy":"category","embeddable":true,"href":"https:\/\/www.italiaisraele.org\/index.php?rest_route=%2Fwp%2Fv2%2Fcategories&post=1925"},{"taxonomy":"post_tag","embeddable":true,"href":"https:\/\/www.italiaisraele.org\/index.php?rest_route=%2Fwp%2Fv2%2Ftags&post=1925"}],"curies":[{"name":"wp","href":"https:\/\/api.w.org\/{rel}","templated":true}]}}