{"id":1898,"date":"2024-08-04T12:39:42","date_gmt":"2024-08-04T10:39:42","guid":{"rendered":"https:\/\/www.italiaisraele.org\/?p=1898"},"modified":"2024-11-25T12:01:55","modified_gmt":"2024-11-25T11:01:55","slug":"countdown","status":"publish","type":"post","link":"https:\/\/www.italiaisraele.org\/?p=1898","title":{"rendered":"COUNTDOWN"},"content":{"rendered":"\n<p>Conto alla rovescia. Nonostante la diplomazia, nonostante gli appelli. Nonostante tutto. E&#8217; solo questione di tempo: e poi l&#8217;Iran e il Libano si saranno scavati la fossa. Attaccheranno Israele da nord, da sud e da est (Houthy), ed \u00e8 anche probabile che scorrer\u00e0 altro sangue innocente: quello dei civili. Ne deriver\u00e0 una vendetta implacabile. E a quel punto le conseguenza saranno pesantissime per il regime dei turbanti neri, e anche per chi finge di governare il Libano, in ostaggio del terrorista Nasrallah. Poi per\u00f2 non veniteci a fare la predica, voi che scendete in piazza per Gaza.<\/p>\n\n\n\n<figure class=\"wp-block-image size-full is-resized\"><img loading=\"lazy\" decoding=\"async\" width=\"822\" height=\"537\" src=\"https:\/\/www.italiaisraele.org\/wp-content\/uploads\/2024\/06\/nasrallah.jpg\" alt=\"\" class=\"wp-image-1657\" style=\"width:840px;height:auto\" srcset=\"https:\/\/www.italiaisraele.org\/wp-content\/uploads\/2024\/06\/nasrallah.jpg 822w, https:\/\/www.italiaisraele.org\/wp-content\/uploads\/2024\/06\/nasrallah-300x196.jpg 300w, https:\/\/www.italiaisraele.org\/wp-content\/uploads\/2024\/06\/nasrallah-768x502.jpg 768w, https:\/\/www.italiaisraele.org\/wp-content\/uploads\/2024\/06\/nasrallah-600x392.jpg 600w\" sizes=\"auto, (max-width: 822px) 100vw, 822px\" \/><\/figure>\n\n\n\n<p>E mentre in Israele si rincorrono voci molto preoccupanti su divisioni interne al governo (voci, ripetiamo) che testimonierebbero il livello di nervi tesi che caratterizza il governo Netanyahu, appare ormai evidente che l&#8217;attacco dei nemici del sionismo avverr\u00e0 tra stanotte e il 12 agosto. <\/p>\n\n\n\n<p>Chi dimentica che Israele sta combattendo una guerra per riaffermare la civilt\u00e0 sulla barbarie, tenga bene a mente che &#8211; al di l\u00e0 di ogni considerazione politica interna a chi governa lo Stato Ebraico &#8211; noi saremo tutti sempre, e comunque, con Israele. AM ISRAEL CHAI.<\/p>\n\n\n\n<figure class=\"wp-block-image size-large\"><img loading=\"lazy\" decoding=\"async\" width=\"768\" height=\"1024\" src=\"https:\/\/www.italiaisraele.org\/wp-content\/uploads\/2024\/06\/WhatsApp-Image-2024-06-19-at-08.27.22-768x1024.jpeg\" alt=\"\" class=\"wp-image-1641\" srcset=\"https:\/\/www.italiaisraele.org\/wp-content\/uploads\/2024\/06\/WhatsApp-Image-2024-06-19-at-08.27.22-768x1024.jpeg 768w, https:\/\/www.italiaisraele.org\/wp-content\/uploads\/2024\/06\/WhatsApp-Image-2024-06-19-at-08.27.22-225x300.jpeg 225w, https:\/\/www.italiaisraele.org\/wp-content\/uploads\/2024\/06\/WhatsApp-Image-2024-06-19-at-08.27.22-1152x1536.jpeg 1152w, https:\/\/www.italiaisraele.org\/wp-content\/uploads\/2024\/06\/WhatsApp-Image-2024-06-19-at-08.27.22-600x800.jpeg 600w, https:\/\/www.italiaisraele.org\/wp-content\/uploads\/2024\/06\/WhatsApp-Image-2024-06-19-at-08.27.22.jpeg 1200w\" sizes=\"auto, (max-width: 768px) 100vw, 768px\" \/><\/figure>\n\n\n\n<p>POST SCRIPTUM: per una volta, visto il momento, consentiteci di deragliare del &#8220;politicamente corretto&#8221;: e diciamo che all&#8217;esito dell&#8217;ennesima reazione alla quale legittimamente Israele replicher\u00e0, ce ne fotter\u00e0 altamente dei vari Guterres, Borrell e circhi Barnum acclusi.<\/p>\n","protected":false},"excerpt":{"rendered":"<p>Conto alla rovescia. Nonostante la diplomazia, nonostante gli appelli. Nonostante tutto. E&#8217; solo questione di tempo: e poi l&#8217;Iran e il Libano si saranno scavati la fossa. Attaccheranno Israele da nord, da sud e da est (Houthy), ed \u00e8 anche probabile che scorrer\u00e0 altro sangue innocente: quello dei civili. Ne deriver\u00e0 una vendetta implacabile. E [&hellip;]<\/p>\n","protected":false},"author":2,"featured_media":1659,"comment_status":"open","ping_status":"closed","sticky":false,"template":"","format":"standard","meta":{"iawp_total_views":140,"footnotes":""},"categories":[4],"tags":[],"class_list":["post-1898","post","type-post","status-publish","format-standard","has-post-thumbnail","hentry","category-attualita"],"yoast_head":"<!-- This site is optimized with the Yoast SEO plugin v27.5 - https:\/\/yoast.com\/product\/yoast-seo-wordpress\/ -->\r\n<title>COUNTDOWN - Federazione Associazioni Italia Israele<\/title>\r\n<meta name=\"robots\" content=\"index, follow, max-snippet:-1, max-image-preview:large, max-video-preview:-1\" \/>\r\n<link rel=\"canonical\" href=\"https:\/\/www.italiaisraele.org\/?p=1898\" \/>\r\n<meta property=\"og:locale\" content=\"it_IT\" \/>\r\n<meta property=\"og:type\" content=\"article\" \/>\r\n<meta property=\"og:title\" content=\"COUNTDOWN - Federazione Associazioni Italia Israele\" \/>\r\n<meta property=\"og:description\" content=\"Conto alla rovescia. Nonostante la diplomazia, nonostante gli appelli. Nonostante tutto. E&#8217; solo questione di tempo: e poi l&#8217;Iran e il Libano si saranno scavati la fossa. Attaccheranno Israele da nord, da sud e da est (Houthy), ed \u00e8 anche probabile che scorrer\u00e0 altro sangue innocente: quello dei civili. Ne deriver\u00e0 una vendetta implacabile. E [&hellip;]\" \/>\r\n<meta property=\"og:url\" content=\"https:\/\/www.italiaisraele.org\/?p=1898\" \/>\r\n<meta property=\"og:site_name\" content=\"Federazione Associazioni Italia Israele\" \/>\r\n<meta property=\"article:publisher\" content=\"https:\/\/www.facebook.com\/Federazione.Associazioni.Italia.Israele\" \/>\r\n<meta property=\"article:published_time\" content=\"2024-08-04T10:39:42+00:00\" \/>\r\n<meta property=\"article:modified_time\" content=\"2024-11-25T11:01:55+00:00\" \/>\r\n<meta property=\"og:image\" content=\"https:\/\/www.italiaisraele.org\/wp-content\/uploads\/2024\/06\/hez2-1.jpg\" \/>\r\n\t<meta property=\"og:image:width\" content=\"1500\" \/>\r\n\t<meta property=\"og:image:height\" content=\"1000\" \/>\r\n\t<meta property=\"og:image:type\" content=\"image\/jpeg\" \/>\r\n<meta name=\"author\" content=\"Redazione\" \/>\r\n<meta name=\"twitter:card\" content=\"summary_large_image\" \/>\r\n<meta name=\"twitter:label1\" content=\"Scritto da\" \/>\n\t<meta name=\"twitter:data1\" content=\"Redazione\" \/>\n\t<meta name=\"twitter:label2\" content=\"Tempo di lettura stimato\" \/>\n\t<meta name=\"twitter:data2\" content=\"2 minuti\" \/>\r\n<script type=\"application\/ld+json\" class=\"yoast-schema-graph\">{\"@context\":\"https:\\\/\\\/schema.org\",\"@graph\":[{\"@type\":\"Article\",\"@id\":\"https:\\\/\\\/www.italiaisraele.org\\\/?p=1898#article\",\"isPartOf\":{\"@id\":\"https:\\\/\\\/www.italiaisraele.org\\\/?p=1898\"},\"author\":{\"name\":\"Redazione\",\"@id\":\"https:\\\/\\\/www.italiaisraele.org\\\/#\\\/schema\\\/person\\\/a58663d7e92468eb3e7d158e016946cd\"},\"headline\":\"COUNTDOWN\",\"datePublished\":\"2024-08-04T10:39:42+00:00\",\"dateModified\":\"2024-11-25T11:01:55+00:00\",\"mainEntityOfPage\":{\"@id\":\"https:\\\/\\\/www.italiaisraele.org\\\/?p=1898\"},\"wordCount\":227,\"commentCount\":3,\"publisher\":{\"@id\":\"https:\\\/\\\/www.italiaisraele.org\\\/#organization\"},\"image\":{\"@id\":\"https:\\\/\\\/www.italiaisraele.org\\\/?p=1898#primaryimage\"},\"thumbnailUrl\":\"https:\\\/\\\/www.italiaisraele.org\\\/wp-content\\\/uploads\\\/2024\\\/06\\\/hez2-1.jpg\",\"articleSection\":[\"Attualit\u00e0\"],\"inLanguage\":\"it-IT\",\"potentialAction\":[{\"@type\":\"CommentAction\",\"name\":\"Comment\",\"target\":[\"https:\\\/\\\/www.italiaisraele.org\\\/?p=1898#respond\"]}]},{\"@type\":\"WebPage\",\"@id\":\"https:\\\/\\\/www.italiaisraele.org\\\/?p=1898\",\"url\":\"https:\\\/\\\/www.italiaisraele.org\\\/?p=1898\",\"name\":\"COUNTDOWN - Federazione Associazioni Italia Israele\",\"isPartOf\":{\"@id\":\"https:\\\/\\\/www.italiaisraele.org\\\/#website\"},\"primaryImageOfPage\":{\"@id\":\"https:\\\/\\\/www.italiaisraele.org\\\/?p=1898#primaryimage\"},\"image\":{\"@id\":\"https:\\\/\\\/www.italiaisraele.org\\\/?p=1898#primaryimage\"},\"thumbnailUrl\":\"https:\\\/\\\/www.italiaisraele.org\\\/wp-content\\\/uploads\\\/2024\\\/06\\\/hez2-1.jpg\",\"datePublished\":\"2024-08-04T10:39:42+00:00\",\"dateModified\":\"2024-11-25T11:01:55+00:00\",\"breadcrumb\":{\"@id\":\"https:\\\/\\\/www.italiaisraele.org\\\/?p=1898#breadcrumb\"},\"inLanguage\":\"it-IT\",\"potentialAction\":[{\"@type\":\"ReadAction\",\"target\":[\"https:\\\/\\\/www.italiaisraele.org\\\/?p=1898\"]}]},{\"@type\":\"ImageObject\",\"inLanguage\":\"it-IT\",\"@id\":\"https:\\\/\\\/www.italiaisraele.org\\\/?p=1898#primaryimage\",\"url\":\"https:\\\/\\\/www.italiaisraele.org\\\/wp-content\\\/uploads\\\/2024\\\/06\\\/hez2-1.jpg\",\"contentUrl\":\"https:\\\/\\\/www.italiaisraele.org\\\/wp-content\\\/uploads\\\/2024\\\/06\\\/hez2-1.jpg\",\"width\":1500,\"height\":1000},{\"@type\":\"BreadcrumbList\",\"@id\":\"https:\\\/\\\/www.italiaisraele.org\\\/?p=1898#breadcrumb\",\"itemListElement\":[{\"@type\":\"ListItem\",\"position\":1,\"name\":\"Home\",\"item\":\"https:\\\/\\\/www.italiaisraele.org\\\/\"},{\"@type\":\"ListItem\",\"position\":2,\"name\":\"COUNTDOWN\"}]},{\"@type\":\"WebSite\",\"@id\":\"https:\\\/\\\/www.italiaisraele.org\\\/#website\",\"url\":\"https:\\\/\\\/www.italiaisraele.org\\\/\",\"name\":\"News Italia - Israele\",\"description\":\"Italia Israele Today - Magazine\",\"publisher\":{\"@id\":\"https:\\\/\\\/www.italiaisraele.org\\\/#organization\"},\"potentialAction\":[{\"@type\":\"SearchAction\",\"target\":{\"@type\":\"EntryPoint\",\"urlTemplate\":\"https:\\\/\\\/www.italiaisraele.org\\\/?s={search_term_string}\"},\"query-input\":{\"@type\":\"PropertyValueSpecification\",\"valueRequired\":true,\"valueName\":\"search_term_string\"}}],\"inLanguage\":\"it-IT\"},{\"@type\":\"Organization\",\"@id\":\"https:\\\/\\\/www.italiaisraele.org\\\/#organization\",\"name\":\"News Italia - Israele\",\"url\":\"https:\\\/\\\/www.italiaisraele.org\\\/\",\"logo\":{\"@type\":\"ImageObject\",\"inLanguage\":\"it-IT\",\"@id\":\"https:\\\/\\\/www.italiaisraele.org\\\/#\\\/schema\\\/logo\\\/image\\\/\",\"url\":\"https:\\\/\\\/www.italiaisraele.org\\\/wp-content\\\/uploads\\\/2024\\\/02\\\/cropped-cropped-TESTATA-NEWS-2.jpg\",\"contentUrl\":\"https:\\\/\\\/www.italiaisraele.org\\\/wp-content\\\/uploads\\\/2024\\\/02\\\/cropped-cropped-TESTATA-NEWS-2.jpg\",\"width\":1918,\"height\":291,\"caption\":\"News Italia - Israele\"},\"image\":{\"@id\":\"https:\\\/\\\/www.italiaisraele.org\\\/#\\\/schema\\\/logo\\\/image\\\/\"},\"sameAs\":[\"https:\\\/\\\/www.facebook.com\\\/Federazione.Associazioni.Italia.Israele\"]},{\"@type\":\"Person\",\"@id\":\"https:\\\/\\\/www.italiaisraele.org\\\/#\\\/schema\\\/person\\\/a58663d7e92468eb3e7d158e016946cd\",\"name\":\"Redazione\",\"image\":{\"@type\":\"ImageObject\",\"inLanguage\":\"it-IT\",\"@id\":\"https:\\\/\\\/secure.gravatar.com\\\/avatar\\\/fe11715b332cc423bb3991a005da4d50b44647eec21b11abddd059d3deafc450?s=96&d=mm&r=g\",\"url\":\"https:\\\/\\\/secure.gravatar.com\\\/avatar\\\/fe11715b332cc423bb3991a005da4d50b44647eec21b11abddd059d3deafc450?s=96&d=mm&r=g\",\"contentUrl\":\"https:\\\/\\\/secure.gravatar.com\\\/avatar\\\/fe11715b332cc423bb3991a005da4d50b44647eec21b11abddd059d3deafc450?s=96&d=mm&r=g\",\"caption\":\"Redazione\"},\"url\":\"https:\\\/\\\/www.italiaisraele.org\\\/?author=2\"}]}<\/script>\r\n<!-- \/ Yoast SEO plugin. -->","yoast_head_json":{"title":"COUNTDOWN - Federazione Associazioni Italia Israele","robots":{"index":"index","follow":"follow","max-snippet":"max-snippet:-1","max-image-preview":"max-image-preview:large","max-video-preview":"max-video-preview:-1"},"canonical":"https:\/\/www.italiaisraele.org\/?p=1898","og_locale":"it_IT","og_type":"article","og_title":"COUNTDOWN - Federazione Associazioni Italia Israele","og_description":"Conto alla rovescia. Nonostante la diplomazia, nonostante gli appelli. Nonostante tutto. E&#8217; solo questione di tempo: e poi l&#8217;Iran e il Libano si saranno scavati la fossa. Attaccheranno Israele da nord, da sud e da est (Houthy), ed \u00e8 anche probabile che scorrer\u00e0 altro sangue innocente: quello dei civili. Ne deriver\u00e0 una vendetta implacabile. E [&hellip;]","og_url":"https:\/\/www.italiaisraele.org\/?p=1898","og_site_name":"Federazione Associazioni Italia Israele","article_publisher":"https:\/\/www.facebook.com\/Federazione.Associazioni.Italia.Israele","article_published_time":"2024-08-04T10:39:42+00:00","article_modified_time":"2024-11-25T11:01:55+00:00","og_image":[{"width":1500,"height":1000,"url":"https:\/\/www.italiaisraele.org\/wp-content\/uploads\/2024\/06\/hez2-1.jpg","type":"image\/jpeg"}],"author":"Redazione","twitter_card":"summary_large_image","twitter_misc":{"Scritto da":"Redazione","Tempo di lettura stimato":"2 minuti"},"schema":{"@context":"https:\/\/schema.org","@graph":[{"@type":"Article","@id":"https:\/\/www.italiaisraele.org\/?p=1898#article","isPartOf":{"@id":"https:\/\/www.italiaisraele.org\/?p=1898"},"author":{"name":"Redazione","@id":"https:\/\/www.italiaisraele.org\/#\/schema\/person\/a58663d7e92468eb3e7d158e016946cd"},"headline":"COUNTDOWN","datePublished":"2024-08-04T10:39:42+00:00","dateModified":"2024-11-25T11:01:55+00:00","mainEntityOfPage":{"@id":"https:\/\/www.italiaisraele.org\/?p=1898"},"wordCount":227,"commentCount":3,"publisher":{"@id":"https:\/\/www.italiaisraele.org\/#organization"},"image":{"@id":"https:\/\/www.italiaisraele.org\/?p=1898#primaryimage"},"thumbnailUrl":"https:\/\/www.italiaisraele.org\/wp-content\/uploads\/2024\/06\/hez2-1.jpg","articleSection":["Attualit\u00e0"],"inLanguage":"it-IT","potentialAction":[{"@type":"CommentAction","name":"Comment","target":["https:\/\/www.italiaisraele.org\/?p=1898#respond"]}]},{"@type":"WebPage","@id":"https:\/\/www.italiaisraele.org\/?p=1898","url":"https:\/\/www.italiaisraele.org\/?p=1898","name":"COUNTDOWN - Federazione Associazioni Italia Israele","isPartOf":{"@id":"https:\/\/www.italiaisraele.org\/#website"},"primaryImageOfPage":{"@id":"https:\/\/www.italiaisraele.org\/?p=1898#primaryimage"},"image":{"@id":"https:\/\/www.italiaisraele.org\/?p=1898#primaryimage"},"thumbnailUrl":"https:\/\/www.italiaisraele.org\/wp-content\/uploads\/2024\/06\/hez2-1.jpg","datePublished":"2024-08-04T10:39:42+00:00","dateModified":"2024-11-25T11:01:55+00:00","breadcrumb":{"@id":"https:\/\/www.italiaisraele.org\/?p=1898#breadcrumb"},"inLanguage":"it-IT","potentialAction":[{"@type":"ReadAction","target":["https:\/\/www.italiaisraele.org\/?p=1898"]}]},{"@type":"ImageObject","inLanguage":"it-IT","@id":"https:\/\/www.italiaisraele.org\/?p=1898#primaryimage","url":"https:\/\/www.italiaisraele.org\/wp-content\/uploads\/2024\/06\/hez2-1.jpg","contentUrl":"https:\/\/www.italiaisraele.org\/wp-content\/uploads\/2024\/06\/hez2-1.jpg","width":1500,"height":1000},{"@type":"BreadcrumbList","@id":"https:\/\/www.italiaisraele.org\/?p=1898#breadcrumb","itemListElement":[{"@type":"ListItem","position":1,"name":"Home","item":"https:\/\/www.italiaisraele.org\/"},{"@type":"ListItem","position":2,"name":"COUNTDOWN"}]},{"@type":"WebSite","@id":"https:\/\/www.italiaisraele.org\/#website","url":"https:\/\/www.italiaisraele.org\/","name":"News Italia - Israele","description":"Italia Israele Today - Magazine","publisher":{"@id":"https:\/\/www.italiaisraele.org\/#organization"},"potentialAction":[{"@type":"SearchAction","target":{"@type":"EntryPoint","urlTemplate":"https:\/\/www.italiaisraele.org\/?s={search_term_string}"},"query-input":{"@type":"PropertyValueSpecification","valueRequired":true,"valueName":"search_term_string"}}],"inLanguage":"it-IT"},{"@type":"Organization","@id":"https:\/\/www.italiaisraele.org\/#organization","name":"News Italia - Israele","url":"https:\/\/www.italiaisraele.org\/","logo":{"@type":"ImageObject","inLanguage":"it-IT","@id":"https:\/\/www.italiaisraele.org\/#\/schema\/logo\/image\/","url":"https:\/\/www.italiaisraele.org\/wp-content\/uploads\/2024\/02\/cropped-cropped-TESTATA-NEWS-2.jpg","contentUrl":"https:\/\/www.italiaisraele.org\/wp-content\/uploads\/2024\/02\/cropped-cropped-TESTATA-NEWS-2.jpg","width":1918,"height":291,"caption":"News Italia - Israele"},"image":{"@id":"https:\/\/www.italiaisraele.org\/#\/schema\/logo\/image\/"},"sameAs":["https:\/\/www.facebook.com\/Federazione.Associazioni.Italia.Israele"]},{"@type":"Person","@id":"https:\/\/www.italiaisraele.org\/#\/schema\/person\/a58663d7e92468eb3e7d158e016946cd","name":"Redazione","image":{"@type":"ImageObject","inLanguage":"it-IT","@id":"https:\/\/secure.gravatar.com\/avatar\/fe11715b332cc423bb3991a005da4d50b44647eec21b11abddd059d3deafc450?s=96&d=mm&r=g","url":"https:\/\/secure.gravatar.com\/avatar\/fe11715b332cc423bb3991a005da4d50b44647eec21b11abddd059d3deafc450?s=96&d=mm&r=g","contentUrl":"https:\/\/secure.gravatar.com\/avatar\/fe11715b332cc423bb3991a005da4d50b44647eec21b11abddd059d3deafc450?s=96&d=mm&r=g","caption":"Redazione"},"url":"https:\/\/www.italiaisraele.org\/?author=2"}]}},"_links":{"self":[{"href":"https:\/\/www.italiaisraele.org\/index.php?rest_route=\/wp\/v2\/posts\/1898","targetHints":{"allow":["GET"]}}],"collection":[{"href":"https:\/\/www.italiaisraele.org\/index.php?rest_route=\/wp\/v2\/posts"}],"about":[{"href":"https:\/\/www.italiaisraele.org\/index.php?rest_route=\/wp\/v2\/types\/post"}],"author":[{"embeddable":true,"href":"https:\/\/www.italiaisraele.org\/index.php?rest_route=\/wp\/v2\/users\/2"}],"replies":[{"embeddable":true,"href":"https:\/\/www.italiaisraele.org\/index.php?rest_route=%2Fwp%2Fv2%2Fcomments&post=1898"}],"version-history":[{"count":0,"href":"https:\/\/www.italiaisraele.org\/index.php?rest_route=\/wp\/v2\/posts\/1898\/revisions"}],"wp:featuredmedia":[{"embeddable":true,"href":"https:\/\/www.italiaisraele.org\/index.php?rest_route=\/wp\/v2\/media\/1659"}],"wp:attachment":[{"href":"https:\/\/www.italiaisraele.org\/index.php?rest_route=%2Fwp%2Fv2%2Fmedia&parent=1898"}],"wp:term":[{"taxonomy":"category","embeddable":true,"href":"https:\/\/www.italiaisraele.org\/index.php?rest_route=%2Fwp%2Fv2%2Fcategories&post=1898"},{"taxonomy":"post_tag","embeddable":true,"href":"https:\/\/www.italiaisraele.org\/index.php?rest_route=%2Fwp%2Fv2%2Ftags&post=1898"}],"curies":[{"name":"wp","href":"https:\/\/api.w.org\/{rel}","templated":true}]}}