{"id":1805,"date":"2024-07-26T17:07:42","date_gmt":"2024-07-26T15:07:42","guid":{"rendered":"https:\/\/www.italiaisraele.org\/?p=1805"},"modified":"2024-11-25T11:25:45","modified_gmt":"2024-11-25T10:25:45","slug":"yoni-peled-e-il-nuovo-ambasciatore-israeliano-a-roma","status":"publish","type":"post","link":"https:\/\/www.italiaisraele.org\/?p=1805","title":{"rendered":"Yoni Peled \u00e8 il nuovo ambasciatore israeliano a Roma"},"content":{"rendered":"\n<p>Il diplomatico Jonathan &#8220;Yoni&#8221; Peled sar\u00e0 il prossimo ambasciatore israeliano in Italia. Subentra ad Alon Bar, che dal 31 luglio termina l\u2019incarico per raggiunti limiti d\u2019et\u00e0.<br>Gi\u00e0 ambasciatore di Israele in Australia dal febbraio 2021 fino all&#8217;agosto dello stesso anno, \u00e8 stato anche ambasciatore per Israele in Messico dal luglio 2015 a settembre 2019.<br>Peled \u00e8 un diplomatico di lungo corso e di grande esperienza: ha ricoperto anche il ruolo di Direttore del Dipartimento Economico per il Nord America, America Latina e Africa dal settembre 2012 ad agosto 2015, portavoce dell\u2019ambasciata a Washington DC dall\u2019agosto 2008 ad agosto 2011, ambasciatore in El Salvador dal 2004 al 2006, nonch\u00e9 portavoce del Ministero degli Affari Esteri dal 2003 al 2004.<br>Attualmente ricopre l\u2019incarico di Vicedirettore generale del ministero degli Esteri, e ad agosto arriver\u00e0 a Roma per occuparsi ufficialmente della gestione degli affari dell\u2019ambasciata e delle relazioni tra lo stato israeliano e quello italiano.<br>La nomina di Jonathan Peled, &#8211; come spiega anche il Giornale Diplomatico &#8211; sembrerebbe motivata a pieno titolo dalla sua lunga esperienza maturata in ambito internazionale, come agente diplomatico di successo nelle missioni di Israele all\u2019estero: Peled non ha mai manifestato apertamente alcuna vicinanza ad una specifica ala o particolare coalizione presenti nella Knesset, l\u2019assemblea legislativa israeliana.<\/p>\n\n\n\n<p>In un messaggio inviato ai vertici della Federazione delle Associazioni Italia-Israele, Alon Bar ha ringraziato tutti gli iscritti e quanti, in questi ultimi anni, hanno dimostrato affetto e vicinanza alla nazione israeliana.<\/p>\n","protected":false},"excerpt":{"rendered":"<p>Il diplomatico Jonathan &#8220;Yoni&#8221; Peled sar\u00e0 il prossimo ambasciatore israeliano in Italia. Subentra ad Alon Bar, che dal 31 luglio termina l\u2019incarico per raggiunti limiti d\u2019et\u00e0.Gi\u00e0 ambasciatore di Israele in Australia dal febbraio 2021 fino all&#8217;agosto dello stesso anno, \u00e8 stato anche ambasciatore per Israele in Messico dal luglio 2015 a settembre 2019.Peled \u00e8 un [&hellip;]<\/p>\n","protected":false},"author":4,"featured_media":1806,"comment_status":"open","ping_status":"closed","sticky":false,"template":"","format":"standard","meta":{"iawp_total_views":227,"footnotes":""},"categories":[5],"tags":[377,375],"class_list":["post-1805","post","type-post","status-publish","format-standard","has-post-thumbnail","hentry","category-news","tag-nuovo-ambasciatore","tag-yoni-peled"],"yoast_head":"<!-- This site is optimized with the Yoast SEO plugin v27.5 - https:\/\/yoast.com\/product\/yoast-seo-wordpress\/ -->\r\n<title>Yoni Peled \u00e8 il nuovo ambasciatore israeliano a Roma - Federazione Associazioni Italia Israele<\/title>\r\n<meta name=\"robots\" content=\"index, follow, max-snippet:-1, max-image-preview:large, max-video-preview:-1\" \/>\r\n<link rel=\"canonical\" href=\"https:\/\/www.italiaisraele.org\/?p=1805\" \/>\r\n<meta property=\"og:locale\" content=\"it_IT\" \/>\r\n<meta property=\"og:type\" content=\"article\" \/>\r\n<meta property=\"og:title\" content=\"Yoni Peled \u00e8 il nuovo ambasciatore israeliano a Roma - Federazione Associazioni Italia Israele\" \/>\r\n<meta property=\"og:description\" content=\"Il diplomatico Jonathan &#8220;Yoni&#8221; Peled sar\u00e0 il prossimo ambasciatore israeliano in Italia. Subentra ad Alon Bar, che dal 31 luglio termina l\u2019incarico per raggiunti limiti d\u2019et\u00e0.Gi\u00e0 ambasciatore di Israele in Australia dal febbraio 2021 fino all&#8217;agosto dello stesso anno, \u00e8 stato anche ambasciatore per Israele in Messico dal luglio 2015 a settembre 2019.Peled \u00e8 un [&hellip;]\" \/>\r\n<meta property=\"og:url\" content=\"https:\/\/www.italiaisraele.org\/?p=1805\" \/>\r\n<meta property=\"og:site_name\" content=\"Federazione Associazioni Italia Israele\" \/>\r\n<meta property=\"article:publisher\" content=\"https:\/\/www.facebook.com\/Federazione.Associazioni.Italia.Israele\" \/>\r\n<meta property=\"article:published_time\" content=\"2024-07-26T15:07:42+00:00\" \/>\r\n<meta property=\"article:modified_time\" content=\"2024-11-25T10:25:45+00:00\" \/>\r\n<meta property=\"og:image\" content=\"https:\/\/www.italiaisraele.org\/wp-content\/uploads\/2024\/07\/Peled.jpg\" \/>\r\n\t<meta property=\"og:image:width\" content=\"1024\" \/>\r\n\t<meta property=\"og:image:height\" content=\"576\" \/>\r\n\t<meta property=\"og:image:type\" content=\"image\/jpeg\" \/>\r\n<meta name=\"author\" content=\"Giuseppe Crimaldi\" \/>\r\n<meta name=\"twitter:card\" content=\"summary_large_image\" \/>\r\n<meta name=\"twitter:label1\" content=\"Scritto da\" \/>\n\t<meta name=\"twitter:data1\" content=\"Giuseppe Crimaldi\" \/>\n\t<meta name=\"twitter:label2\" content=\"Tempo di lettura stimato\" \/>\n\t<meta name=\"twitter:data2\" content=\"2 minuti\" \/>\r\n<script type=\"application\/ld+json\" class=\"yoast-schema-graph\">{\"@context\":\"https:\\\/\\\/schema.org\",\"@graph\":[{\"@type\":\"Article\",\"@id\":\"https:\\\/\\\/www.italiaisraele.org\\\/?p=1805#article\",\"isPartOf\":{\"@id\":\"https:\\\/\\\/www.italiaisraele.org\\\/?p=1805\"},\"author\":{\"name\":\"Giuseppe Crimaldi\",\"@id\":\"https:\\\/\\\/www.italiaisraele.org\\\/#\\\/schema\\\/person\\\/7784c17a23e6ef9cb737f3192f043fab\"},\"headline\":\"Yoni Peled \u00e8 il nuovo ambasciatore israeliano a Roma\",\"datePublished\":\"2024-07-26T15:07:42+00:00\",\"dateModified\":\"2024-11-25T10:25:45+00:00\",\"mainEntityOfPage\":{\"@id\":\"https:\\\/\\\/www.italiaisraele.org\\\/?p=1805\"},\"wordCount\":244,\"commentCount\":5,\"publisher\":{\"@id\":\"https:\\\/\\\/www.italiaisraele.org\\\/#organization\"},\"image\":{\"@id\":\"https:\\\/\\\/www.italiaisraele.org\\\/?p=1805#primaryimage\"},\"thumbnailUrl\":\"https:\\\/\\\/www.italiaisraele.org\\\/wp-content\\\/uploads\\\/2024\\\/07\\\/Peled.jpg\",\"keywords\":[\"nuovo ambasciatore\",\"Yoni Peled\"],\"articleSection\":[\"News\"],\"inLanguage\":\"it-IT\",\"potentialAction\":[{\"@type\":\"CommentAction\",\"name\":\"Comment\",\"target\":[\"https:\\\/\\\/www.italiaisraele.org\\\/?p=1805#respond\"]}]},{\"@type\":\"WebPage\",\"@id\":\"https:\\\/\\\/www.italiaisraele.org\\\/?p=1805\",\"url\":\"https:\\\/\\\/www.italiaisraele.org\\\/?p=1805\",\"name\":\"Yoni Peled \u00e8 il nuovo ambasciatore israeliano a Roma - Federazione Associazioni Italia Israele\",\"isPartOf\":{\"@id\":\"https:\\\/\\\/www.italiaisraele.org\\\/#website\"},\"primaryImageOfPage\":{\"@id\":\"https:\\\/\\\/www.italiaisraele.org\\\/?p=1805#primaryimage\"},\"image\":{\"@id\":\"https:\\\/\\\/www.italiaisraele.org\\\/?p=1805#primaryimage\"},\"thumbnailUrl\":\"https:\\\/\\\/www.italiaisraele.org\\\/wp-content\\\/uploads\\\/2024\\\/07\\\/Peled.jpg\",\"datePublished\":\"2024-07-26T15:07:42+00:00\",\"dateModified\":\"2024-11-25T10:25:45+00:00\",\"breadcrumb\":{\"@id\":\"https:\\\/\\\/www.italiaisraele.org\\\/?p=1805#breadcrumb\"},\"inLanguage\":\"it-IT\",\"potentialAction\":[{\"@type\":\"ReadAction\",\"target\":[\"https:\\\/\\\/www.italiaisraele.org\\\/?p=1805\"]}]},{\"@type\":\"ImageObject\",\"inLanguage\":\"it-IT\",\"@id\":\"https:\\\/\\\/www.italiaisraele.org\\\/?p=1805#primaryimage\",\"url\":\"https:\\\/\\\/www.italiaisraele.org\\\/wp-content\\\/uploads\\\/2024\\\/07\\\/Peled.jpg\",\"contentUrl\":\"https:\\\/\\\/www.italiaisraele.org\\\/wp-content\\\/uploads\\\/2024\\\/07\\\/Peled.jpg\",\"width\":1024,\"height\":576},{\"@type\":\"BreadcrumbList\",\"@id\":\"https:\\\/\\\/www.italiaisraele.org\\\/?p=1805#breadcrumb\",\"itemListElement\":[{\"@type\":\"ListItem\",\"position\":1,\"name\":\"Home\",\"item\":\"https:\\\/\\\/www.italiaisraele.org\\\/\"},{\"@type\":\"ListItem\",\"position\":2,\"name\":\"Yoni Peled \u00e8 il nuovo ambasciatore israeliano a Roma\"}]},{\"@type\":\"WebSite\",\"@id\":\"https:\\\/\\\/www.italiaisraele.org\\\/#website\",\"url\":\"https:\\\/\\\/www.italiaisraele.org\\\/\",\"name\":\"News Italia - Israele\",\"description\":\"Italia Israele Today - Magazine\",\"publisher\":{\"@id\":\"https:\\\/\\\/www.italiaisraele.org\\\/#organization\"},\"potentialAction\":[{\"@type\":\"SearchAction\",\"target\":{\"@type\":\"EntryPoint\",\"urlTemplate\":\"https:\\\/\\\/www.italiaisraele.org\\\/?s={search_term_string}\"},\"query-input\":{\"@type\":\"PropertyValueSpecification\",\"valueRequired\":true,\"valueName\":\"search_term_string\"}}],\"inLanguage\":\"it-IT\"},{\"@type\":\"Organization\",\"@id\":\"https:\\\/\\\/www.italiaisraele.org\\\/#organization\",\"name\":\"News Italia - Israele\",\"url\":\"https:\\\/\\\/www.italiaisraele.org\\\/\",\"logo\":{\"@type\":\"ImageObject\",\"inLanguage\":\"it-IT\",\"@id\":\"https:\\\/\\\/www.italiaisraele.org\\\/#\\\/schema\\\/logo\\\/image\\\/\",\"url\":\"https:\\\/\\\/www.italiaisraele.org\\\/wp-content\\\/uploads\\\/2024\\\/02\\\/cropped-cropped-TESTATA-NEWS-2.jpg\",\"contentUrl\":\"https:\\\/\\\/www.italiaisraele.org\\\/wp-content\\\/uploads\\\/2024\\\/02\\\/cropped-cropped-TESTATA-NEWS-2.jpg\",\"width\":1918,\"height\":291,\"caption\":\"News Italia - Israele\"},\"image\":{\"@id\":\"https:\\\/\\\/www.italiaisraele.org\\\/#\\\/schema\\\/logo\\\/image\\\/\"},\"sameAs\":[\"https:\\\/\\\/www.facebook.com\\\/Federazione.Associazioni.Italia.Israele\"]},{\"@type\":\"Person\",\"@id\":\"https:\\\/\\\/www.italiaisraele.org\\\/#\\\/schema\\\/person\\\/7784c17a23e6ef9cb737f3192f043fab\",\"name\":\"Giuseppe Crimaldi\",\"image\":{\"@type\":\"ImageObject\",\"inLanguage\":\"it-IT\",\"@id\":\"https:\\\/\\\/secure.gravatar.com\\\/avatar\\\/a6ddf67481d5d5efef9847e6f4c99a77e7129e93382ea6de1e9ea96b8deec707?s=96&d=mm&r=g\",\"url\":\"https:\\\/\\\/secure.gravatar.com\\\/avatar\\\/a6ddf67481d5d5efef9847e6f4c99a77e7129e93382ea6de1e9ea96b8deec707?s=96&d=mm&r=g\",\"contentUrl\":\"https:\\\/\\\/secure.gravatar.com\\\/avatar\\\/a6ddf67481d5d5efef9847e6f4c99a77e7129e93382ea6de1e9ea96b8deec707?s=96&d=mm&r=g\",\"caption\":\"Giuseppe Crimaldi\"},\"url\":\"https:\\\/\\\/www.italiaisraele.org\\\/?author=4\"}]}<\/script>\r\n<!-- \/ Yoast SEO plugin. -->","yoast_head_json":{"title":"Yoni Peled \u00e8 il nuovo ambasciatore israeliano a Roma - Federazione Associazioni Italia Israele","robots":{"index":"index","follow":"follow","max-snippet":"max-snippet:-1","max-image-preview":"max-image-preview:large","max-video-preview":"max-video-preview:-1"},"canonical":"https:\/\/www.italiaisraele.org\/?p=1805","og_locale":"it_IT","og_type":"article","og_title":"Yoni Peled \u00e8 il nuovo ambasciatore israeliano a Roma - Federazione Associazioni Italia Israele","og_description":"Il diplomatico Jonathan &#8220;Yoni&#8221; Peled sar\u00e0 il prossimo ambasciatore israeliano in Italia. Subentra ad Alon Bar, che dal 31 luglio termina l\u2019incarico per raggiunti limiti d\u2019et\u00e0.Gi\u00e0 ambasciatore di Israele in Australia dal febbraio 2021 fino all&#8217;agosto dello stesso anno, \u00e8 stato anche ambasciatore per Israele in Messico dal luglio 2015 a settembre 2019.Peled \u00e8 un [&hellip;]","og_url":"https:\/\/www.italiaisraele.org\/?p=1805","og_site_name":"Federazione Associazioni Italia Israele","article_publisher":"https:\/\/www.facebook.com\/Federazione.Associazioni.Italia.Israele","article_published_time":"2024-07-26T15:07:42+00:00","article_modified_time":"2024-11-25T10:25:45+00:00","og_image":[{"width":1024,"height":576,"url":"https:\/\/www.italiaisraele.org\/wp-content\/uploads\/2024\/07\/Peled.jpg","type":"image\/jpeg"}],"author":"Giuseppe Crimaldi","twitter_card":"summary_large_image","twitter_misc":{"Scritto da":"Giuseppe Crimaldi","Tempo di lettura stimato":"2 minuti"},"schema":{"@context":"https:\/\/schema.org","@graph":[{"@type":"Article","@id":"https:\/\/www.italiaisraele.org\/?p=1805#article","isPartOf":{"@id":"https:\/\/www.italiaisraele.org\/?p=1805"},"author":{"name":"Giuseppe Crimaldi","@id":"https:\/\/www.italiaisraele.org\/#\/schema\/person\/7784c17a23e6ef9cb737f3192f043fab"},"headline":"Yoni Peled \u00e8 il nuovo ambasciatore israeliano a Roma","datePublished":"2024-07-26T15:07:42+00:00","dateModified":"2024-11-25T10:25:45+00:00","mainEntityOfPage":{"@id":"https:\/\/www.italiaisraele.org\/?p=1805"},"wordCount":244,"commentCount":5,"publisher":{"@id":"https:\/\/www.italiaisraele.org\/#organization"},"image":{"@id":"https:\/\/www.italiaisraele.org\/?p=1805#primaryimage"},"thumbnailUrl":"https:\/\/www.italiaisraele.org\/wp-content\/uploads\/2024\/07\/Peled.jpg","keywords":["nuovo ambasciatore","Yoni Peled"],"articleSection":["News"],"inLanguage":"it-IT","potentialAction":[{"@type":"CommentAction","name":"Comment","target":["https:\/\/www.italiaisraele.org\/?p=1805#respond"]}]},{"@type":"WebPage","@id":"https:\/\/www.italiaisraele.org\/?p=1805","url":"https:\/\/www.italiaisraele.org\/?p=1805","name":"Yoni Peled \u00e8 il nuovo ambasciatore israeliano a Roma - Federazione Associazioni Italia Israele","isPartOf":{"@id":"https:\/\/www.italiaisraele.org\/#website"},"primaryImageOfPage":{"@id":"https:\/\/www.italiaisraele.org\/?p=1805#primaryimage"},"image":{"@id":"https:\/\/www.italiaisraele.org\/?p=1805#primaryimage"},"thumbnailUrl":"https:\/\/www.italiaisraele.org\/wp-content\/uploads\/2024\/07\/Peled.jpg","datePublished":"2024-07-26T15:07:42+00:00","dateModified":"2024-11-25T10:25:45+00:00","breadcrumb":{"@id":"https:\/\/www.italiaisraele.org\/?p=1805#breadcrumb"},"inLanguage":"it-IT","potentialAction":[{"@type":"ReadAction","target":["https:\/\/www.italiaisraele.org\/?p=1805"]}]},{"@type":"ImageObject","inLanguage":"it-IT","@id":"https:\/\/www.italiaisraele.org\/?p=1805#primaryimage","url":"https:\/\/www.italiaisraele.org\/wp-content\/uploads\/2024\/07\/Peled.jpg","contentUrl":"https:\/\/www.italiaisraele.org\/wp-content\/uploads\/2024\/07\/Peled.jpg","width":1024,"height":576},{"@type":"BreadcrumbList","@id":"https:\/\/www.italiaisraele.org\/?p=1805#breadcrumb","itemListElement":[{"@type":"ListItem","position":1,"name":"Home","item":"https:\/\/www.italiaisraele.org\/"},{"@type":"ListItem","position":2,"name":"Yoni Peled \u00e8 il nuovo ambasciatore israeliano a Roma"}]},{"@type":"WebSite","@id":"https:\/\/www.italiaisraele.org\/#website","url":"https:\/\/www.italiaisraele.org\/","name":"News Italia - Israele","description":"Italia Israele Today - Magazine","publisher":{"@id":"https:\/\/www.italiaisraele.org\/#organization"},"potentialAction":[{"@type":"SearchAction","target":{"@type":"EntryPoint","urlTemplate":"https:\/\/www.italiaisraele.org\/?s={search_term_string}"},"query-input":{"@type":"PropertyValueSpecification","valueRequired":true,"valueName":"search_term_string"}}],"inLanguage":"it-IT"},{"@type":"Organization","@id":"https:\/\/www.italiaisraele.org\/#organization","name":"News Italia - Israele","url":"https:\/\/www.italiaisraele.org\/","logo":{"@type":"ImageObject","inLanguage":"it-IT","@id":"https:\/\/www.italiaisraele.org\/#\/schema\/logo\/image\/","url":"https:\/\/www.italiaisraele.org\/wp-content\/uploads\/2024\/02\/cropped-cropped-TESTATA-NEWS-2.jpg","contentUrl":"https:\/\/www.italiaisraele.org\/wp-content\/uploads\/2024\/02\/cropped-cropped-TESTATA-NEWS-2.jpg","width":1918,"height":291,"caption":"News Italia - Israele"},"image":{"@id":"https:\/\/www.italiaisraele.org\/#\/schema\/logo\/image\/"},"sameAs":["https:\/\/www.facebook.com\/Federazione.Associazioni.Italia.Israele"]},{"@type":"Person","@id":"https:\/\/www.italiaisraele.org\/#\/schema\/person\/7784c17a23e6ef9cb737f3192f043fab","name":"Giuseppe Crimaldi","image":{"@type":"ImageObject","inLanguage":"it-IT","@id":"https:\/\/secure.gravatar.com\/avatar\/a6ddf67481d5d5efef9847e6f4c99a77e7129e93382ea6de1e9ea96b8deec707?s=96&d=mm&r=g","url":"https:\/\/secure.gravatar.com\/avatar\/a6ddf67481d5d5efef9847e6f4c99a77e7129e93382ea6de1e9ea96b8deec707?s=96&d=mm&r=g","contentUrl":"https:\/\/secure.gravatar.com\/avatar\/a6ddf67481d5d5efef9847e6f4c99a77e7129e93382ea6de1e9ea96b8deec707?s=96&d=mm&r=g","caption":"Giuseppe Crimaldi"},"url":"https:\/\/www.italiaisraele.org\/?author=4"}]}},"_links":{"self":[{"href":"https:\/\/www.italiaisraele.org\/index.php?rest_route=\/wp\/v2\/posts\/1805","targetHints":{"allow":["GET"]}}],"collection":[{"href":"https:\/\/www.italiaisraele.org\/index.php?rest_route=\/wp\/v2\/posts"}],"about":[{"href":"https:\/\/www.italiaisraele.org\/index.php?rest_route=\/wp\/v2\/types\/post"}],"author":[{"embeddable":true,"href":"https:\/\/www.italiaisraele.org\/index.php?rest_route=\/wp\/v2\/users\/4"}],"replies":[{"embeddable":true,"href":"https:\/\/www.italiaisraele.org\/index.php?rest_route=%2Fwp%2Fv2%2Fcomments&post=1805"}],"version-history":[{"count":0,"href":"https:\/\/www.italiaisraele.org\/index.php?rest_route=\/wp\/v2\/posts\/1805\/revisions"}],"wp:featuredmedia":[{"embeddable":true,"href":"https:\/\/www.italiaisraele.org\/index.php?rest_route=\/wp\/v2\/media\/1806"}],"wp:attachment":[{"href":"https:\/\/www.italiaisraele.org\/index.php?rest_route=%2Fwp%2Fv2%2Fmedia&parent=1805"}],"wp:term":[{"taxonomy":"category","embeddable":true,"href":"https:\/\/www.italiaisraele.org\/index.php?rest_route=%2Fwp%2Fv2%2Fcategories&post=1805"},{"taxonomy":"post_tag","embeddable":true,"href":"https:\/\/www.italiaisraele.org\/index.php?rest_route=%2Fwp%2Fv2%2Ftags&post=1805"}],"curies":[{"name":"wp","href":"https:\/\/api.w.org\/{rel}","templated":true}]}}