{"id":1782,"date":"2024-07-17T23:34:47","date_gmt":"2024-07-17T21:34:47","guid":{"rendered":"https:\/\/www.italiaisraele.org\/?p=1782"},"modified":"2024-11-25T11:27:43","modified_gmt":"2024-11-25T10:27:43","slug":"il-sindaco-che-mise-la-testa-sotto-la-sabbia","status":"publish","type":"post","link":"https:\/\/www.italiaisraele.org\/?p=1782","title":{"rendered":"Il sindaco che mise la testa sotto la sabbia"},"content":{"rendered":"\n<p><em>di Giuseppe Crimaldi<\/em><\/p>\n\n\n\n<p>Cosa non si farebbe pur di guadagnarsi cinque minuti di notoriet\u00e0. Se aveste chiesto al primo che passa per strada chi \u00e8 Alberto Felice De Toni, vi avrebbe risposto facendo spallucce: Alberto chi? Felice chi? De Toni chi? Invece da oggi &#8211; 17 luglio 2024 &#8211; il nome del sindaco di Udine non solo \u00e8 entrato nelle case degli italiani, ma \u00e8 destinato a rimanere tra quelli che pascolano nel recinto degli odiatori di Israele. <\/p>\n\n\n\n<p>Costui si \u00e8 guadagnato titoli e notizie su agenzie, giornali e televisioni perch\u00e9 ha deciso di negare lo stadio &#8220;Friuli&#8221;, destinato dall&#8217;Uefa ad ospitare la partita di &#8220;Nation League&#8221; tra Italia e Israele, e il perch\u00e9 lo state gi\u00e0 intuendo: perch\u00e9 Israele non merita diritto di accoglienza sportiva, perch\u00e9 Israele \u00e8 una nazione di lupi mannari, di perfidi sterminatori di donne e bambini. Perch\u00e9 Israele va odiato, punto e basta.<\/p>\n\n\n\n<p>Che brutta figura, sindaco. Lei, che peraltro \u00e8 stato anche rettore dell&#8217;Universit\u00e0 di Udine, dovrebbe svolgere il suo mandato declinando un lessico bipartisan: riconoscendo magari gli orrori del 7 ottobre, ricordando l&#8217;inferno che continuano a vivere gli oltre 100 ostaggi (ammesso che siano ancora tanti, e ne dubitiamo drammaticamente) e comprendendo che la guerra nella Striscia di Gaza \u00e8 iniziata perch\u00e9 qualcuno ha cominciato massacrando civili innocenti. Invece no. E a sentire le sue motivazioni lei diventa ancora pi\u00f9 patetico, e quasi incommentabile.<\/p>\n\n\n\n<figure class=\"wp-block-image size-full\"><img loading=\"lazy\" decoding=\"async\" width=\"640\" height=\"400\" src=\"https:\/\/www.italiaisraele.org\/wp-content\/uploads\/2024\/07\/de-toni-2.jpg\" alt=\"\" class=\"wp-image-1784\" srcset=\"https:\/\/www.italiaisraele.org\/wp-content\/uploads\/2024\/07\/de-toni-2.jpg 640w, https:\/\/www.italiaisraele.org\/wp-content\/uploads\/2024\/07\/de-toni-2-300x188.jpg 300w, https:\/\/www.italiaisraele.org\/wp-content\/uploads\/2024\/07\/de-toni-2-600x375.jpg 600w\" sizes=\"auto, (max-width: 640px) 100vw, 640px\" \/><\/figure>\n\n\n\n<p><em>(lo stadio &#8220;Friuli&#8221; di Udine)<\/em><\/p>\n\n\n\n<p>\u00abNon concedere il patrocinio del Comune di Udine alla partita Italia-Israele del prossimo 14 ottobre &#8211; ha dichiarato De Toni alle agenzie &#8211; \u00e8 stata una decisione sofferta e di prudenza. Per Udine ospitare una partita della nazionale italiana di calcio \u00e8 sempre un onore. Ma per il patrocinio, la nostra scelta poteva essere diversa solo se a oggi fosse stato annunciato un cessate il fuoco. Purtroppo cos\u00ec non \u00e8. E concederlo come se non esistesse una guerra, per la quale sia Hamas che Israele sono stati accusati dall&#8217;Onu di crimini di guerra, sarebbe stato mettere la testa sotto la sabbia\u00bb. <\/p>\n\n\n\n<p>Una dichiarazione cerchiobottista che non le fa certo onore, e non fa fare bella figura a Udine, una delle perle del Friuli. Lei, con queste parole, ha messo davvero la testa sotto la sabbia, anzich\u00e9 condannare con parole ferme, chiare e inequivocabili i tagliagole di Hamas. Dipendesse da lei, se le toccasse cercare vie diplomatiche sul sentiero della pace, staremmo freschi. Ma per fortuna (si fa per dire) lei amministra una comunit\u00e0 di meno di 100mila abitanti. A proposito, sa quanto fa la proporzione tra gli abitanti residenti a Udine e i morti ammazzati brutalmente il 7 ottobre? Provi a fare questo semplice calcolo, e lo raffronti ai suoi residenti.<\/p>\n\n\n\n<figure class=\"wp-block-image size-full\"><img loading=\"lazy\" decoding=\"async\" width=\"980\" height=\"653\" src=\"https:\/\/www.italiaisraele.org\/wp-content\/uploads\/2024\/07\/de-toni-3.jpg\" alt=\"\" class=\"wp-image-1785\" srcset=\"https:\/\/www.italiaisraele.org\/wp-content\/uploads\/2024\/07\/de-toni-3.jpg 980w, https:\/\/www.italiaisraele.org\/wp-content\/uploads\/2024\/07\/de-toni-3-300x200.jpg 300w, https:\/\/www.italiaisraele.org\/wp-content\/uploads\/2024\/07\/de-toni-3-768x512.jpg 768w, https:\/\/www.italiaisraele.org\/wp-content\/uploads\/2024\/07\/de-toni-3-600x400.jpg 600w\" sizes=\"auto, (max-width: 980px) 100vw, 980px\" \/><figcaption class=\"wp-element-caption\">Sderot, 7 ottobre (AP Photo\/Ohad Zwigenberg)<\/figcaption><\/figure>\n\n\n\n<p>Sappia che il peggior peccato per un uomo \u00e8 quello di rimanere schiavo dei propri pregiudizi. E che chi non sa ammettere che una guerra scatenata dal sangue innocente poi scatena sempre inevitabilmente, per un rapporto di cause-effetto, altre vittime innocenti: ma che non si pu\u00f2 darne la colpa a colui che difende il proprio popolo, la sua gente. <\/p>\n\n\n\n<p><em><strong>Post scriptum: il governatore del Friuli, Fedriga, ha gi\u00e0 dichiarato che la Regione dar\u00e0 il proprio patrocinio all&#8217;evento di Nation League. E meglio ancora ha fatto il primo cittadino di Monfalcone (27mila abitanti), che ha offerto col cuore il proprio piccolo stadio per celebrare quella che era, e rester\u00e0 solo una partita di pallone.<\/strong><\/em><\/p>\n\n\n\n<p>*Direttore di Italia Israele Today<\/p>\n","protected":false},"excerpt":{"rendered":"<p>di Giuseppe Crimaldi Cosa non si farebbe pur di guadagnarsi cinque minuti di notoriet\u00e0. Se aveste chiesto al primo che passa per strada chi \u00e8 Alberto Felice De Toni, vi avrebbe risposto facendo spallucce: Alberto chi? Felice chi? De Toni chi? Invece da oggi &#8211; 17 luglio 2024 &#8211; il nome del sindaco di Udine [&hellip;]<\/p>\n","protected":false},"author":4,"featured_media":1783,"comment_status":"open","ping_status":"closed","sticky":false,"template":"","format":"standard","meta":{"iawp_total_views":187,"footnotes":""},"categories":[10],"tags":[369,13,200],"class_list":["post-1782","post","type-post","status-publish","format-standard","has-post-thumbnail","hentry","category-editoriale","tag-de-toni","tag-israele","tag-udine"],"yoast_head":"<!-- This site is optimized with the Yoast SEO plugin v27.5 - https:\/\/yoast.com\/product\/yoast-seo-wordpress\/ -->\r\n<title>Il sindaco che mise la testa sotto la sabbia - Federazione Associazioni Italia Israele<\/title>\r\n<meta name=\"robots\" content=\"index, follow, max-snippet:-1, max-image-preview:large, max-video-preview:-1\" \/>\r\n<link rel=\"canonical\" href=\"https:\/\/www.italiaisraele.org\/?p=1782\" \/>\r\n<meta property=\"og:locale\" content=\"it_IT\" \/>\r\n<meta property=\"og:type\" content=\"article\" \/>\r\n<meta property=\"og:title\" content=\"Il sindaco che mise la testa sotto la sabbia - Federazione Associazioni Italia Israele\" \/>\r\n<meta property=\"og:description\" content=\"di Giuseppe Crimaldi Cosa non si farebbe pur di guadagnarsi cinque minuti di notoriet\u00e0. Se aveste chiesto al primo che passa per strada chi \u00e8 Alberto Felice De Toni, vi avrebbe risposto facendo spallucce: Alberto chi? Felice chi? De Toni chi? Invece da oggi &#8211; 17 luglio 2024 &#8211; il nome del sindaco di Udine [&hellip;]\" \/>\r\n<meta property=\"og:url\" content=\"https:\/\/www.italiaisraele.org\/?p=1782\" \/>\r\n<meta property=\"og:site_name\" content=\"Federazione Associazioni Italia Israele\" \/>\r\n<meta property=\"article:publisher\" content=\"https:\/\/www.facebook.com\/Federazione.Associazioni.Italia.Israele\" \/>\r\n<meta property=\"article:published_time\" content=\"2024-07-17T21:34:47+00:00\" \/>\r\n<meta property=\"article:modified_time\" content=\"2024-11-25T10:27:43+00:00\" \/>\r\n<meta property=\"og:image\" content=\"https:\/\/www.italiaisraele.org\/wp-content\/uploads\/2024\/07\/de-toni.jpg\" \/>\r\n\t<meta property=\"og:image:width\" content=\"690\" \/>\r\n\t<meta property=\"og:image:height\" content=\"362\" \/>\r\n\t<meta property=\"og:image:type\" content=\"image\/jpeg\" \/>\r\n<meta name=\"author\" content=\"Giuseppe Crimaldi\" \/>\r\n<meta name=\"twitter:card\" content=\"summary_large_image\" \/>\r\n<meta name=\"twitter:label1\" content=\"Scritto da\" \/>\n\t<meta name=\"twitter:data1\" content=\"Giuseppe Crimaldi\" \/>\n\t<meta name=\"twitter:label2\" content=\"Tempo di lettura stimato\" \/>\n\t<meta name=\"twitter:data2\" content=\"4 minuti\" \/>\r\n<script type=\"application\/ld+json\" class=\"yoast-schema-graph\">{\"@context\":\"https:\\\/\\\/schema.org\",\"@graph\":[{\"@type\":\"Article\",\"@id\":\"https:\\\/\\\/www.italiaisraele.org\\\/?p=1782#article\",\"isPartOf\":{\"@id\":\"https:\\\/\\\/www.italiaisraele.org\\\/?p=1782\"},\"author\":{\"name\":\"Giuseppe Crimaldi\",\"@id\":\"https:\\\/\\\/www.italiaisraele.org\\\/#\\\/schema\\\/person\\\/7784c17a23e6ef9cb737f3192f043fab\"},\"headline\":\"Il sindaco che mise la testa sotto la sabbia\",\"datePublished\":\"2024-07-17T21:34:47+00:00\",\"dateModified\":\"2024-11-25T10:27:43+00:00\",\"mainEntityOfPage\":{\"@id\":\"https:\\\/\\\/www.italiaisraele.org\\\/?p=1782\"},\"wordCount\":568,\"commentCount\":7,\"publisher\":{\"@id\":\"https:\\\/\\\/www.italiaisraele.org\\\/#organization\"},\"image\":{\"@id\":\"https:\\\/\\\/www.italiaisraele.org\\\/?p=1782#primaryimage\"},\"thumbnailUrl\":\"https:\\\/\\\/www.italiaisraele.org\\\/wp-content\\\/uploads\\\/2024\\\/07\\\/de-toni.jpg\",\"keywords\":[\"De Toni\",\"Israele\",\"Udine\"],\"articleSection\":[\"Editoriale\"],\"inLanguage\":\"it-IT\",\"potentialAction\":[{\"@type\":\"CommentAction\",\"name\":\"Comment\",\"target\":[\"https:\\\/\\\/www.italiaisraele.org\\\/?p=1782#respond\"]}]},{\"@type\":\"WebPage\",\"@id\":\"https:\\\/\\\/www.italiaisraele.org\\\/?p=1782\",\"url\":\"https:\\\/\\\/www.italiaisraele.org\\\/?p=1782\",\"name\":\"Il sindaco che mise la testa sotto la sabbia - Federazione Associazioni Italia Israele\",\"isPartOf\":{\"@id\":\"https:\\\/\\\/www.italiaisraele.org\\\/#website\"},\"primaryImageOfPage\":{\"@id\":\"https:\\\/\\\/www.italiaisraele.org\\\/?p=1782#primaryimage\"},\"image\":{\"@id\":\"https:\\\/\\\/www.italiaisraele.org\\\/?p=1782#primaryimage\"},\"thumbnailUrl\":\"https:\\\/\\\/www.italiaisraele.org\\\/wp-content\\\/uploads\\\/2024\\\/07\\\/de-toni.jpg\",\"datePublished\":\"2024-07-17T21:34:47+00:00\",\"dateModified\":\"2024-11-25T10:27:43+00:00\",\"breadcrumb\":{\"@id\":\"https:\\\/\\\/www.italiaisraele.org\\\/?p=1782#breadcrumb\"},\"inLanguage\":\"it-IT\",\"potentialAction\":[{\"@type\":\"ReadAction\",\"target\":[\"https:\\\/\\\/www.italiaisraele.org\\\/?p=1782\"]}]},{\"@type\":\"ImageObject\",\"inLanguage\":\"it-IT\",\"@id\":\"https:\\\/\\\/www.italiaisraele.org\\\/?p=1782#primaryimage\",\"url\":\"https:\\\/\\\/www.italiaisraele.org\\\/wp-content\\\/uploads\\\/2024\\\/07\\\/de-toni.jpg\",\"contentUrl\":\"https:\\\/\\\/www.italiaisraele.org\\\/wp-content\\\/uploads\\\/2024\\\/07\\\/de-toni.jpg\",\"width\":690,\"height\":362},{\"@type\":\"BreadcrumbList\",\"@id\":\"https:\\\/\\\/www.italiaisraele.org\\\/?p=1782#breadcrumb\",\"itemListElement\":[{\"@type\":\"ListItem\",\"position\":1,\"name\":\"Home\",\"item\":\"https:\\\/\\\/www.italiaisraele.org\\\/\"},{\"@type\":\"ListItem\",\"position\":2,\"name\":\"Il sindaco che mise la testa sotto la sabbia\"}]},{\"@type\":\"WebSite\",\"@id\":\"https:\\\/\\\/www.italiaisraele.org\\\/#website\",\"url\":\"https:\\\/\\\/www.italiaisraele.org\\\/\",\"name\":\"News Italia - Israele\",\"description\":\"Italia Israele Today - Magazine\",\"publisher\":{\"@id\":\"https:\\\/\\\/www.italiaisraele.org\\\/#organization\"},\"potentialAction\":[{\"@type\":\"SearchAction\",\"target\":{\"@type\":\"EntryPoint\",\"urlTemplate\":\"https:\\\/\\\/www.italiaisraele.org\\\/?s={search_term_string}\"},\"query-input\":{\"@type\":\"PropertyValueSpecification\",\"valueRequired\":true,\"valueName\":\"search_term_string\"}}],\"inLanguage\":\"it-IT\"},{\"@type\":\"Organization\",\"@id\":\"https:\\\/\\\/www.italiaisraele.org\\\/#organization\",\"name\":\"News Italia - Israele\",\"url\":\"https:\\\/\\\/www.italiaisraele.org\\\/\",\"logo\":{\"@type\":\"ImageObject\",\"inLanguage\":\"it-IT\",\"@id\":\"https:\\\/\\\/www.italiaisraele.org\\\/#\\\/schema\\\/logo\\\/image\\\/\",\"url\":\"https:\\\/\\\/www.italiaisraele.org\\\/wp-content\\\/uploads\\\/2024\\\/02\\\/cropped-cropped-TESTATA-NEWS-2.jpg\",\"contentUrl\":\"https:\\\/\\\/www.italiaisraele.org\\\/wp-content\\\/uploads\\\/2024\\\/02\\\/cropped-cropped-TESTATA-NEWS-2.jpg\",\"width\":1918,\"height\":291,\"caption\":\"News Italia - Israele\"},\"image\":{\"@id\":\"https:\\\/\\\/www.italiaisraele.org\\\/#\\\/schema\\\/logo\\\/image\\\/\"},\"sameAs\":[\"https:\\\/\\\/www.facebook.com\\\/Federazione.Associazioni.Italia.Israele\"]},{\"@type\":\"Person\",\"@id\":\"https:\\\/\\\/www.italiaisraele.org\\\/#\\\/schema\\\/person\\\/7784c17a23e6ef9cb737f3192f043fab\",\"name\":\"Giuseppe Crimaldi\",\"image\":{\"@type\":\"ImageObject\",\"inLanguage\":\"it-IT\",\"@id\":\"https:\\\/\\\/secure.gravatar.com\\\/avatar\\\/a6ddf67481d5d5efef9847e6f4c99a77e7129e93382ea6de1e9ea96b8deec707?s=96&d=mm&r=g\",\"url\":\"https:\\\/\\\/secure.gravatar.com\\\/avatar\\\/a6ddf67481d5d5efef9847e6f4c99a77e7129e93382ea6de1e9ea96b8deec707?s=96&d=mm&r=g\",\"contentUrl\":\"https:\\\/\\\/secure.gravatar.com\\\/avatar\\\/a6ddf67481d5d5efef9847e6f4c99a77e7129e93382ea6de1e9ea96b8deec707?s=96&d=mm&r=g\",\"caption\":\"Giuseppe Crimaldi\"},\"url\":\"https:\\\/\\\/www.italiaisraele.org\\\/?author=4\"}]}<\/script>\r\n<!-- \/ Yoast SEO plugin. -->","yoast_head_json":{"title":"Il sindaco che mise la testa sotto la sabbia - Federazione Associazioni Italia Israele","robots":{"index":"index","follow":"follow","max-snippet":"max-snippet:-1","max-image-preview":"max-image-preview:large","max-video-preview":"max-video-preview:-1"},"canonical":"https:\/\/www.italiaisraele.org\/?p=1782","og_locale":"it_IT","og_type":"article","og_title":"Il sindaco che mise la testa sotto la sabbia - Federazione Associazioni Italia Israele","og_description":"di Giuseppe Crimaldi Cosa non si farebbe pur di guadagnarsi cinque minuti di notoriet\u00e0. Se aveste chiesto al primo che passa per strada chi \u00e8 Alberto Felice De Toni, vi avrebbe risposto facendo spallucce: Alberto chi? Felice chi? De Toni chi? Invece da oggi &#8211; 17 luglio 2024 &#8211; il nome del sindaco di Udine [&hellip;]","og_url":"https:\/\/www.italiaisraele.org\/?p=1782","og_site_name":"Federazione Associazioni Italia Israele","article_publisher":"https:\/\/www.facebook.com\/Federazione.Associazioni.Italia.Israele","article_published_time":"2024-07-17T21:34:47+00:00","article_modified_time":"2024-11-25T10:27:43+00:00","og_image":[{"width":690,"height":362,"url":"https:\/\/www.italiaisraele.org\/wp-content\/uploads\/2024\/07\/de-toni.jpg","type":"image\/jpeg"}],"author":"Giuseppe Crimaldi","twitter_card":"summary_large_image","twitter_misc":{"Scritto da":"Giuseppe Crimaldi","Tempo di lettura stimato":"4 minuti"},"schema":{"@context":"https:\/\/schema.org","@graph":[{"@type":"Article","@id":"https:\/\/www.italiaisraele.org\/?p=1782#article","isPartOf":{"@id":"https:\/\/www.italiaisraele.org\/?p=1782"},"author":{"name":"Giuseppe Crimaldi","@id":"https:\/\/www.italiaisraele.org\/#\/schema\/person\/7784c17a23e6ef9cb737f3192f043fab"},"headline":"Il sindaco che mise la testa sotto la sabbia","datePublished":"2024-07-17T21:34:47+00:00","dateModified":"2024-11-25T10:27:43+00:00","mainEntityOfPage":{"@id":"https:\/\/www.italiaisraele.org\/?p=1782"},"wordCount":568,"commentCount":7,"publisher":{"@id":"https:\/\/www.italiaisraele.org\/#organization"},"image":{"@id":"https:\/\/www.italiaisraele.org\/?p=1782#primaryimage"},"thumbnailUrl":"https:\/\/www.italiaisraele.org\/wp-content\/uploads\/2024\/07\/de-toni.jpg","keywords":["De Toni","Israele","Udine"],"articleSection":["Editoriale"],"inLanguage":"it-IT","potentialAction":[{"@type":"CommentAction","name":"Comment","target":["https:\/\/www.italiaisraele.org\/?p=1782#respond"]}]},{"@type":"WebPage","@id":"https:\/\/www.italiaisraele.org\/?p=1782","url":"https:\/\/www.italiaisraele.org\/?p=1782","name":"Il sindaco che mise la testa sotto la sabbia - Federazione Associazioni Italia Israele","isPartOf":{"@id":"https:\/\/www.italiaisraele.org\/#website"},"primaryImageOfPage":{"@id":"https:\/\/www.italiaisraele.org\/?p=1782#primaryimage"},"image":{"@id":"https:\/\/www.italiaisraele.org\/?p=1782#primaryimage"},"thumbnailUrl":"https:\/\/www.italiaisraele.org\/wp-content\/uploads\/2024\/07\/de-toni.jpg","datePublished":"2024-07-17T21:34:47+00:00","dateModified":"2024-11-25T10:27:43+00:00","breadcrumb":{"@id":"https:\/\/www.italiaisraele.org\/?p=1782#breadcrumb"},"inLanguage":"it-IT","potentialAction":[{"@type":"ReadAction","target":["https:\/\/www.italiaisraele.org\/?p=1782"]}]},{"@type":"ImageObject","inLanguage":"it-IT","@id":"https:\/\/www.italiaisraele.org\/?p=1782#primaryimage","url":"https:\/\/www.italiaisraele.org\/wp-content\/uploads\/2024\/07\/de-toni.jpg","contentUrl":"https:\/\/www.italiaisraele.org\/wp-content\/uploads\/2024\/07\/de-toni.jpg","width":690,"height":362},{"@type":"BreadcrumbList","@id":"https:\/\/www.italiaisraele.org\/?p=1782#breadcrumb","itemListElement":[{"@type":"ListItem","position":1,"name":"Home","item":"https:\/\/www.italiaisraele.org\/"},{"@type":"ListItem","position":2,"name":"Il sindaco che mise la testa sotto la sabbia"}]},{"@type":"WebSite","@id":"https:\/\/www.italiaisraele.org\/#website","url":"https:\/\/www.italiaisraele.org\/","name":"News Italia - Israele","description":"Italia Israele Today - Magazine","publisher":{"@id":"https:\/\/www.italiaisraele.org\/#organization"},"potentialAction":[{"@type":"SearchAction","target":{"@type":"EntryPoint","urlTemplate":"https:\/\/www.italiaisraele.org\/?s={search_term_string}"},"query-input":{"@type":"PropertyValueSpecification","valueRequired":true,"valueName":"search_term_string"}}],"inLanguage":"it-IT"},{"@type":"Organization","@id":"https:\/\/www.italiaisraele.org\/#organization","name":"News Italia - Israele","url":"https:\/\/www.italiaisraele.org\/","logo":{"@type":"ImageObject","inLanguage":"it-IT","@id":"https:\/\/www.italiaisraele.org\/#\/schema\/logo\/image\/","url":"https:\/\/www.italiaisraele.org\/wp-content\/uploads\/2024\/02\/cropped-cropped-TESTATA-NEWS-2.jpg","contentUrl":"https:\/\/www.italiaisraele.org\/wp-content\/uploads\/2024\/02\/cropped-cropped-TESTATA-NEWS-2.jpg","width":1918,"height":291,"caption":"News Italia - Israele"},"image":{"@id":"https:\/\/www.italiaisraele.org\/#\/schema\/logo\/image\/"},"sameAs":["https:\/\/www.facebook.com\/Federazione.Associazioni.Italia.Israele"]},{"@type":"Person","@id":"https:\/\/www.italiaisraele.org\/#\/schema\/person\/7784c17a23e6ef9cb737f3192f043fab","name":"Giuseppe Crimaldi","image":{"@type":"ImageObject","inLanguage":"it-IT","@id":"https:\/\/secure.gravatar.com\/avatar\/a6ddf67481d5d5efef9847e6f4c99a77e7129e93382ea6de1e9ea96b8deec707?s=96&d=mm&r=g","url":"https:\/\/secure.gravatar.com\/avatar\/a6ddf67481d5d5efef9847e6f4c99a77e7129e93382ea6de1e9ea96b8deec707?s=96&d=mm&r=g","contentUrl":"https:\/\/secure.gravatar.com\/avatar\/a6ddf67481d5d5efef9847e6f4c99a77e7129e93382ea6de1e9ea96b8deec707?s=96&d=mm&r=g","caption":"Giuseppe Crimaldi"},"url":"https:\/\/www.italiaisraele.org\/?author=4"}]}},"_links":{"self":[{"href":"https:\/\/www.italiaisraele.org\/index.php?rest_route=\/wp\/v2\/posts\/1782","targetHints":{"allow":["GET"]}}],"collection":[{"href":"https:\/\/www.italiaisraele.org\/index.php?rest_route=\/wp\/v2\/posts"}],"about":[{"href":"https:\/\/www.italiaisraele.org\/index.php?rest_route=\/wp\/v2\/types\/post"}],"author":[{"embeddable":true,"href":"https:\/\/www.italiaisraele.org\/index.php?rest_route=\/wp\/v2\/users\/4"}],"replies":[{"embeddable":true,"href":"https:\/\/www.italiaisraele.org\/index.php?rest_route=%2Fwp%2Fv2%2Fcomments&post=1782"}],"version-history":[{"count":0,"href":"https:\/\/www.italiaisraele.org\/index.php?rest_route=\/wp\/v2\/posts\/1782\/revisions"}],"wp:featuredmedia":[{"embeddable":true,"href":"https:\/\/www.italiaisraele.org\/index.php?rest_route=\/wp\/v2\/media\/1783"}],"wp:attachment":[{"href":"https:\/\/www.italiaisraele.org\/index.php?rest_route=%2Fwp%2Fv2%2Fmedia&parent=1782"}],"wp:term":[{"taxonomy":"category","embeddable":true,"href":"https:\/\/www.italiaisraele.org\/index.php?rest_route=%2Fwp%2Fv2%2Fcategories&post=1782"},{"taxonomy":"post_tag","embeddable":true,"href":"https:\/\/www.italiaisraele.org\/index.php?rest_route=%2Fwp%2Fv2%2Ftags&post=1782"}],"curies":[{"name":"wp","href":"https:\/\/api.w.org\/{rel}","templated":true}]}}