{"id":1636,"date":"2024-06-17T23:14:19","date_gmt":"2024-06-17T21:14:19","guid":{"rendered":"https:\/\/www.italiaisraele.org\/?p=1636"},"modified":"2024-11-25T11:21:07","modified_gmt":"2024-11-25T10:21:07","slug":"perugia-il-libro-di-scipione-rossi-sullantisemitismo","status":"publish","type":"post","link":"https:\/\/www.italiaisraele.org\/?p=1636","title":{"rendered":"Perugia, il libro di Scipione Rossi sull&#8217;antisemitismo"},"content":{"rendered":"\n<p><em>di Marcella Silva Silvestri<\/em><\/p>\n\n\n\n<p>Anche Israele, per\u00f2\u2026\u201d A Perugia dibattito sull\u2019Antisemitismo con Gianni Scipione Rossi<\/p>\n\n\n\n<p>Il 7 Ottobre 2023 nel deserto del Negev, al festival musicale Supernova, avveniva l\u2019eccidio di Hamas nei confronti del cuore pulsante di Israele: i giovani. Ad otto mesi di distanza dall\u2019azione terroristica il giornalista Gianni Scipione Rossi pubblica il saggio \u201cAnche Israele, per\u00f2\u2026 L\u2019ombra lunga dell\u2019antisemitismo\u201d (Intermedia Edizioni). Quante volte abbiamo taciuto di fronte a quelle pause, immancabilmente presenti, quando si parla di Israele? Tante, troppe, ed \u00e8 forse per questo che l\u2019autore, consigliere dell\u2019Associazione Italia-Israele di Perugia, ha voluto dire la sua, senza se e senza ma, e senza la paura di fondo che ad oggi avvolge tutti coloro che vorrebbero esprimere un\u2019opinione contraria a quella dilagante.<br>Il 7 giugno 2024, alla Loggia dei Lanari di Perugia, si \u00e8 tenuta la presentazione del libro, introdotta dall\u2019antropologa e presidente dell\u2019Associazione Italia-Israele di Perugia Maria Luciana Buseghin. All\u2019incontro, che ha ben presto preso le vesti di un dibattito, hanno preso parte anche la vicepresidente dell\u2019AITIL Gabriela Sabatini insieme ad altri membri dell\u2019associazione, a numerosi cittadini e ad alcuni studenti israeliani che vivono nel capoluogo umbro. \u201cLa giornata \u00e8 stata chiaramente scelta in ricordo della tragedia del 7 ottobre\u201d, chiarisce Buseghin, aggiungendo che il libro di Gianni Scipione Rossi racchiude una serie di riflessioni che toccano diversi argomenti e si chiude con un glossario che fissa le date pi\u00f9 importanti dello Stato ebraico. <\/p>\n\n\n\n<figure class=\"wp-block-image size-full is-resized\"><img loading=\"lazy\" decoding=\"async\" width=\"339\" height=\"472\" src=\"https:\/\/www.italiaisraele.org\/wp-content\/uploads\/2024\/06\/scipione-2.jpg\" alt=\"\" class=\"wp-image-1638\" style=\"width:312px;height:auto\" srcset=\"https:\/\/www.italiaisraele.org\/wp-content\/uploads\/2024\/06\/scipione-2.jpg 339w, https:\/\/www.italiaisraele.org\/wp-content\/uploads\/2024\/06\/scipione-2-215x300.jpg 215w\" sizes=\"auto, (max-width: 339px) 100vw, 339px\" \/><\/figure>\n\n\n\n<p><em>(Gianni Scipione Rossi)<\/em><\/p>\n\n\n\n<p>Il giornalista da subito definisce il suo scritto come il \u201cdiario di un dolore\u201d ed afferma quanto sia importante, ad oggi, non restare nella zona grigia ma schierarsi pubblicamente. L\u2019autore ha posto l\u2019attenzione su di un concetto chiave del libro, l\u2019antisemitismo mascherato da antisionismo, e cos\u00ec facendo ha precisato come esso sia e sia sempre stato, anche in Italia, paragonabile ad un fiume carsico. Cos\u00ec come i fiumi che si alzano e si abbassano in base alla marea, e cos\u00ec come le loro acque che infiltrano i terreni e corrodono le rocce, anche nel nostro paese l\u2019odio antisemita si infiltra e corrode ogni meandro della societ\u00e0. E le sedi della cultura, in particolare Universit\u00e0 e scuole, sono le prime artefici di questo odio raziale. Se \u00e8 vero, come afferma Rossi, che \u201cl\u2019antisemitismo \u00e8 un sentimento culturale atavico\u201d \u00e8 anche vero che la cultura ebraica nonch\u00e9 il contributo ebraico alla scienza e al sapere, sono da sempre parte integrante del patrimonio non solo italiano ma europeo e, ancor meglio, mondiale.<\/p>\n\n\n\n<p><br>Nonostante ci\u00f2, quasi per un rovesciamento delle sorti, i luoghi dove pi\u00f9 profondamente gli ebrei hanno contribuito, sono gli stessi dove ad oggi vengono additati, allontanati, se non addirittura umiliati. Prova ne sia la presenza di alcuni giovani studenti israeliani che con tono pi\u00f9 preoccupato che polemico, pi\u00f9 rammaricato che arrabbiato, hanno chiesto all\u2019autore e alla presidente Buseghin: \u201cCome possiamo difenderci dalle accuse di genocidio del popolo palestinese? Come possiamo difenderci se qualcuno ci urla terroristi?\u201d. Ebbene si, queste sono le parole di cui avremmo volentieri fatto a meno ma che nostro malgrado abbiamo dovuto ascoltare, abbiamo dovuto masticare e ingoiare ma non certo digerire. \u00c8 triste dover ammettere che ventitr\u00e9 anni di giorni della memoria possono essere accartocciati e buttati nel pi\u00f9 vicino secchio della carta straccia, \u00e8 poi ancor peggio dover assistere al racconto di episodi di vero e proprio bullismo antisemita, che gli studenti ebrei hanno dovuto subire.<br>\u00c8 chiaro che ci sia qualcosa da cambiare, \u00e8 chiaro che ricordare non \u00e8 servito a nulla se i pochi israeliani presenti nelle aule Italiane sono ad oggi costretti a chiudersi in casa pur di evitare le vessazioni della massa. E di quale colpa si sarebbero macchiati loro, che sono venuti qui per studiare e che ci hanno detto, con nostro grande dispiacere, che qui non si sentono pi\u00f9 a casa e che hanno paura? Ma l\u2019Universit\u00e0 non era forse un luogo culturale per tutti e di tutti? Ma quali sono le minoranze da difendere? La domanda resta in sospeso ma ci\u00f2 che \u00e8 certo \u00e8 che oggi, come allora, gli atti terroristici danno vita a reazioni viscerali, sia nell\u2019opinione pubblica che nei governi, ed \u00e8 cos\u00ec che scoppiano le guerre. E si sa che nelle guerre anche chi sta dalla parte giusta commette delle atrocit\u00e0 spaventose ma questo non giustifica n\u00e9 mai giustificher\u00e0 la canea del pensiero unico che si sta abbattendo sulla comunit\u00e0 studentesca israeliana.<\/p>\n\n\n\n<p><\/p>\n","protected":false},"excerpt":{"rendered":"<p>di Marcella Silva Silvestri Anche Israele, per\u00f2\u2026\u201d A Perugia dibattito sull\u2019Antisemitismo con Gianni Scipione Rossi Il 7 Ottobre 2023 nel deserto del Negev, al festival musicale Supernova, avveniva l\u2019eccidio di Hamas nei confronti del cuore pulsante di Israele: i giovani. Ad otto mesi di distanza dall\u2019azione terroristica il giornalista Gianni Scipione Rossi pubblica il saggio [&hellip;]<\/p>\n","protected":false},"author":4,"featured_media":1637,"comment_status":"open","ping_status":"closed","sticky":false,"template":"","format":"standard","meta":{"iawp_total_views":54,"footnotes":""},"categories":[3,15],"tags":[336,32],"class_list":["post-1636","post","type-post","status-publish","format-standard","has-post-thumbnail","hentry","category-cultura-e-societa","category-news-associazioni","tag-libro","tag-perugia"],"yoast_head":"<!-- This site is optimized with the Yoast SEO plugin v27.5 - https:\/\/yoast.com\/product\/yoast-seo-wordpress\/ -->\r\n<title>Perugia, il libro di Scipione Rossi sull&#039;antisemitismo - Federazione Associazioni Italia Israele<\/title>\r\n<meta name=\"robots\" content=\"index, follow, max-snippet:-1, max-image-preview:large, max-video-preview:-1\" \/>\r\n<link rel=\"canonical\" href=\"https:\/\/www.italiaisraele.org\/?p=1636\" \/>\r\n<meta property=\"og:locale\" content=\"it_IT\" \/>\r\n<meta property=\"og:type\" content=\"article\" \/>\r\n<meta property=\"og:title\" content=\"Perugia, il libro di Scipione Rossi sull&#039;antisemitismo - Federazione Associazioni Italia Israele\" \/>\r\n<meta property=\"og:description\" content=\"di Marcella Silva Silvestri Anche Israele, per\u00f2\u2026\u201d A Perugia dibattito sull\u2019Antisemitismo con Gianni Scipione Rossi Il 7 Ottobre 2023 nel deserto del Negev, al festival musicale Supernova, avveniva l\u2019eccidio di Hamas nei confronti del cuore pulsante di Israele: i giovani. Ad otto mesi di distanza dall\u2019azione terroristica il giornalista Gianni Scipione Rossi pubblica il saggio [&hellip;]\" \/>\r\n<meta property=\"og:url\" content=\"https:\/\/www.italiaisraele.org\/?p=1636\" \/>\r\n<meta property=\"og:site_name\" content=\"Federazione Associazioni Italia Israele\" \/>\r\n<meta property=\"article:publisher\" content=\"https:\/\/www.facebook.com\/Federazione.Associazioni.Italia.Israele\" \/>\r\n<meta property=\"article:published_time\" content=\"2024-06-17T21:14:19+00:00\" \/>\r\n<meta property=\"article:modified_time\" content=\"2024-11-25T10:21:07+00:00\" \/>\r\n<meta property=\"og:image\" content=\"https:\/\/www.italiaisraele.org\/wp-content\/uploads\/2024\/06\/libro-scipione.jpeg\" \/>\r\n\t<meta property=\"og:image:width\" content=\"400\" \/>\r\n\t<meta property=\"og:image:height\" content=\"529\" \/>\r\n\t<meta property=\"og:image:type\" content=\"image\/jpeg\" \/>\r\n<meta name=\"author\" content=\"Giuseppe Crimaldi\" \/>\r\n<meta name=\"twitter:card\" content=\"summary_large_image\" \/>\r\n<meta name=\"twitter:label1\" content=\"Scritto da\" \/>\n\t<meta name=\"twitter:data1\" content=\"Giuseppe Crimaldi\" \/>\n\t<meta name=\"twitter:label2\" content=\"Tempo di lettura stimato\" \/>\n\t<meta name=\"twitter:data2\" content=\"5 minuti\" \/>\r\n<script type=\"application\/ld+json\" class=\"yoast-schema-graph\">{\"@context\":\"https:\\\/\\\/schema.org\",\"@graph\":[{\"@type\":\"Article\",\"@id\":\"https:\\\/\\\/www.italiaisraele.org\\\/?p=1636#article\",\"isPartOf\":{\"@id\":\"https:\\\/\\\/www.italiaisraele.org\\\/?p=1636\"},\"author\":{\"name\":\"Giuseppe Crimaldi\",\"@id\":\"https:\\\/\\\/www.italiaisraele.org\\\/#\\\/schema\\\/person\\\/7784c17a23e6ef9cb737f3192f043fab\"},\"headline\":\"Perugia, il libro di Scipione Rossi sull&#8217;antisemitismo\",\"datePublished\":\"2024-06-17T21:14:19+00:00\",\"dateModified\":\"2024-11-25T10:21:07+00:00\",\"mainEntityOfPage\":{\"@id\":\"https:\\\/\\\/www.italiaisraele.org\\\/?p=1636\"},\"wordCount\":736,\"commentCount\":0,\"publisher\":{\"@id\":\"https:\\\/\\\/www.italiaisraele.org\\\/#organization\"},\"image\":{\"@id\":\"https:\\\/\\\/www.italiaisraele.org\\\/?p=1636#primaryimage\"},\"thumbnailUrl\":\"https:\\\/\\\/www.italiaisraele.org\\\/wp-content\\\/uploads\\\/2024\\\/06\\\/libro-scipione.jpeg\",\"keywords\":[\"libro\",\"Perugia\"],\"articleSection\":[\"Cultura e Societ\u00e0\",\"News Associazioni\"],\"inLanguage\":\"it-IT\",\"potentialAction\":[{\"@type\":\"CommentAction\",\"name\":\"Comment\",\"target\":[\"https:\\\/\\\/www.italiaisraele.org\\\/?p=1636#respond\"]}]},{\"@type\":\"WebPage\",\"@id\":\"https:\\\/\\\/www.italiaisraele.org\\\/?p=1636\",\"url\":\"https:\\\/\\\/www.italiaisraele.org\\\/?p=1636\",\"name\":\"Perugia, il libro di Scipione Rossi sull'antisemitismo - Federazione Associazioni Italia Israele\",\"isPartOf\":{\"@id\":\"https:\\\/\\\/www.italiaisraele.org\\\/#website\"},\"primaryImageOfPage\":{\"@id\":\"https:\\\/\\\/www.italiaisraele.org\\\/?p=1636#primaryimage\"},\"image\":{\"@id\":\"https:\\\/\\\/www.italiaisraele.org\\\/?p=1636#primaryimage\"},\"thumbnailUrl\":\"https:\\\/\\\/www.italiaisraele.org\\\/wp-content\\\/uploads\\\/2024\\\/06\\\/libro-scipione.jpeg\",\"datePublished\":\"2024-06-17T21:14:19+00:00\",\"dateModified\":\"2024-11-25T10:21:07+00:00\",\"breadcrumb\":{\"@id\":\"https:\\\/\\\/www.italiaisraele.org\\\/?p=1636#breadcrumb\"},\"inLanguage\":\"it-IT\",\"potentialAction\":[{\"@type\":\"ReadAction\",\"target\":[\"https:\\\/\\\/www.italiaisraele.org\\\/?p=1636\"]}]},{\"@type\":\"ImageObject\",\"inLanguage\":\"it-IT\",\"@id\":\"https:\\\/\\\/www.italiaisraele.org\\\/?p=1636#primaryimage\",\"url\":\"https:\\\/\\\/www.italiaisraele.org\\\/wp-content\\\/uploads\\\/2024\\\/06\\\/libro-scipione.jpeg\",\"contentUrl\":\"https:\\\/\\\/www.italiaisraele.org\\\/wp-content\\\/uploads\\\/2024\\\/06\\\/libro-scipione.jpeg\",\"width\":400,\"height\":529},{\"@type\":\"BreadcrumbList\",\"@id\":\"https:\\\/\\\/www.italiaisraele.org\\\/?p=1636#breadcrumb\",\"itemListElement\":[{\"@type\":\"ListItem\",\"position\":1,\"name\":\"Home\",\"item\":\"https:\\\/\\\/www.italiaisraele.org\\\/\"},{\"@type\":\"ListItem\",\"position\":2,\"name\":\"Perugia, il libro di Scipione Rossi sull&#8217;antisemitismo\"}]},{\"@type\":\"WebSite\",\"@id\":\"https:\\\/\\\/www.italiaisraele.org\\\/#website\",\"url\":\"https:\\\/\\\/www.italiaisraele.org\\\/\",\"name\":\"News Italia - Israele\",\"description\":\"Italia Israele Today - Magazine\",\"publisher\":{\"@id\":\"https:\\\/\\\/www.italiaisraele.org\\\/#organization\"},\"potentialAction\":[{\"@type\":\"SearchAction\",\"target\":{\"@type\":\"EntryPoint\",\"urlTemplate\":\"https:\\\/\\\/www.italiaisraele.org\\\/?s={search_term_string}\"},\"query-input\":{\"@type\":\"PropertyValueSpecification\",\"valueRequired\":true,\"valueName\":\"search_term_string\"}}],\"inLanguage\":\"it-IT\"},{\"@type\":\"Organization\",\"@id\":\"https:\\\/\\\/www.italiaisraele.org\\\/#organization\",\"name\":\"News Italia - Israele\",\"url\":\"https:\\\/\\\/www.italiaisraele.org\\\/\",\"logo\":{\"@type\":\"ImageObject\",\"inLanguage\":\"it-IT\",\"@id\":\"https:\\\/\\\/www.italiaisraele.org\\\/#\\\/schema\\\/logo\\\/image\\\/\",\"url\":\"https:\\\/\\\/www.italiaisraele.org\\\/wp-content\\\/uploads\\\/2024\\\/02\\\/cropped-cropped-TESTATA-NEWS-2.jpg\",\"contentUrl\":\"https:\\\/\\\/www.italiaisraele.org\\\/wp-content\\\/uploads\\\/2024\\\/02\\\/cropped-cropped-TESTATA-NEWS-2.jpg\",\"width\":1918,\"height\":291,\"caption\":\"News Italia - Israele\"},\"image\":{\"@id\":\"https:\\\/\\\/www.italiaisraele.org\\\/#\\\/schema\\\/logo\\\/image\\\/\"},\"sameAs\":[\"https:\\\/\\\/www.facebook.com\\\/Federazione.Associazioni.Italia.Israele\"]},{\"@type\":\"Person\",\"@id\":\"https:\\\/\\\/www.italiaisraele.org\\\/#\\\/schema\\\/person\\\/7784c17a23e6ef9cb737f3192f043fab\",\"name\":\"Giuseppe Crimaldi\",\"image\":{\"@type\":\"ImageObject\",\"inLanguage\":\"it-IT\",\"@id\":\"https:\\\/\\\/secure.gravatar.com\\\/avatar\\\/a6ddf67481d5d5efef9847e6f4c99a77e7129e93382ea6de1e9ea96b8deec707?s=96&d=mm&r=g\",\"url\":\"https:\\\/\\\/secure.gravatar.com\\\/avatar\\\/a6ddf67481d5d5efef9847e6f4c99a77e7129e93382ea6de1e9ea96b8deec707?s=96&d=mm&r=g\",\"contentUrl\":\"https:\\\/\\\/secure.gravatar.com\\\/avatar\\\/a6ddf67481d5d5efef9847e6f4c99a77e7129e93382ea6de1e9ea96b8deec707?s=96&d=mm&r=g\",\"caption\":\"Giuseppe Crimaldi\"},\"url\":\"https:\\\/\\\/www.italiaisraele.org\\\/?author=4\"}]}<\/script>\r\n<!-- \/ Yoast SEO plugin. -->","yoast_head_json":{"title":"Perugia, il libro di Scipione Rossi sull'antisemitismo - Federazione Associazioni Italia Israele","robots":{"index":"index","follow":"follow","max-snippet":"max-snippet:-1","max-image-preview":"max-image-preview:large","max-video-preview":"max-video-preview:-1"},"canonical":"https:\/\/www.italiaisraele.org\/?p=1636","og_locale":"it_IT","og_type":"article","og_title":"Perugia, il libro di Scipione Rossi sull'antisemitismo - Federazione Associazioni Italia Israele","og_description":"di Marcella Silva Silvestri Anche Israele, per\u00f2\u2026\u201d A Perugia dibattito sull\u2019Antisemitismo con Gianni Scipione Rossi Il 7 Ottobre 2023 nel deserto del Negev, al festival musicale Supernova, avveniva l\u2019eccidio di Hamas nei confronti del cuore pulsante di Israele: i giovani. Ad otto mesi di distanza dall\u2019azione terroristica il giornalista Gianni Scipione Rossi pubblica il saggio [&hellip;]","og_url":"https:\/\/www.italiaisraele.org\/?p=1636","og_site_name":"Federazione Associazioni Italia Israele","article_publisher":"https:\/\/www.facebook.com\/Federazione.Associazioni.Italia.Israele","article_published_time":"2024-06-17T21:14:19+00:00","article_modified_time":"2024-11-25T10:21:07+00:00","og_image":[{"width":400,"height":529,"url":"https:\/\/www.italiaisraele.org\/wp-content\/uploads\/2024\/06\/libro-scipione.jpeg","type":"image\/jpeg"}],"author":"Giuseppe Crimaldi","twitter_card":"summary_large_image","twitter_misc":{"Scritto da":"Giuseppe Crimaldi","Tempo di lettura stimato":"5 minuti"},"schema":{"@context":"https:\/\/schema.org","@graph":[{"@type":"Article","@id":"https:\/\/www.italiaisraele.org\/?p=1636#article","isPartOf":{"@id":"https:\/\/www.italiaisraele.org\/?p=1636"},"author":{"name":"Giuseppe Crimaldi","@id":"https:\/\/www.italiaisraele.org\/#\/schema\/person\/7784c17a23e6ef9cb737f3192f043fab"},"headline":"Perugia, il libro di Scipione Rossi sull&#8217;antisemitismo","datePublished":"2024-06-17T21:14:19+00:00","dateModified":"2024-11-25T10:21:07+00:00","mainEntityOfPage":{"@id":"https:\/\/www.italiaisraele.org\/?p=1636"},"wordCount":736,"commentCount":0,"publisher":{"@id":"https:\/\/www.italiaisraele.org\/#organization"},"image":{"@id":"https:\/\/www.italiaisraele.org\/?p=1636#primaryimage"},"thumbnailUrl":"https:\/\/www.italiaisraele.org\/wp-content\/uploads\/2024\/06\/libro-scipione.jpeg","keywords":["libro","Perugia"],"articleSection":["Cultura e Societ\u00e0","News Associazioni"],"inLanguage":"it-IT","potentialAction":[{"@type":"CommentAction","name":"Comment","target":["https:\/\/www.italiaisraele.org\/?p=1636#respond"]}]},{"@type":"WebPage","@id":"https:\/\/www.italiaisraele.org\/?p=1636","url":"https:\/\/www.italiaisraele.org\/?p=1636","name":"Perugia, il libro di Scipione Rossi sull'antisemitismo - Federazione Associazioni Italia Israele","isPartOf":{"@id":"https:\/\/www.italiaisraele.org\/#website"},"primaryImageOfPage":{"@id":"https:\/\/www.italiaisraele.org\/?p=1636#primaryimage"},"image":{"@id":"https:\/\/www.italiaisraele.org\/?p=1636#primaryimage"},"thumbnailUrl":"https:\/\/www.italiaisraele.org\/wp-content\/uploads\/2024\/06\/libro-scipione.jpeg","datePublished":"2024-06-17T21:14:19+00:00","dateModified":"2024-11-25T10:21:07+00:00","breadcrumb":{"@id":"https:\/\/www.italiaisraele.org\/?p=1636#breadcrumb"},"inLanguage":"it-IT","potentialAction":[{"@type":"ReadAction","target":["https:\/\/www.italiaisraele.org\/?p=1636"]}]},{"@type":"ImageObject","inLanguage":"it-IT","@id":"https:\/\/www.italiaisraele.org\/?p=1636#primaryimage","url":"https:\/\/www.italiaisraele.org\/wp-content\/uploads\/2024\/06\/libro-scipione.jpeg","contentUrl":"https:\/\/www.italiaisraele.org\/wp-content\/uploads\/2024\/06\/libro-scipione.jpeg","width":400,"height":529},{"@type":"BreadcrumbList","@id":"https:\/\/www.italiaisraele.org\/?p=1636#breadcrumb","itemListElement":[{"@type":"ListItem","position":1,"name":"Home","item":"https:\/\/www.italiaisraele.org\/"},{"@type":"ListItem","position":2,"name":"Perugia, il libro di Scipione Rossi sull&#8217;antisemitismo"}]},{"@type":"WebSite","@id":"https:\/\/www.italiaisraele.org\/#website","url":"https:\/\/www.italiaisraele.org\/","name":"News Italia - Israele","description":"Italia Israele Today - Magazine","publisher":{"@id":"https:\/\/www.italiaisraele.org\/#organization"},"potentialAction":[{"@type":"SearchAction","target":{"@type":"EntryPoint","urlTemplate":"https:\/\/www.italiaisraele.org\/?s={search_term_string}"},"query-input":{"@type":"PropertyValueSpecification","valueRequired":true,"valueName":"search_term_string"}}],"inLanguage":"it-IT"},{"@type":"Organization","@id":"https:\/\/www.italiaisraele.org\/#organization","name":"News Italia - Israele","url":"https:\/\/www.italiaisraele.org\/","logo":{"@type":"ImageObject","inLanguage":"it-IT","@id":"https:\/\/www.italiaisraele.org\/#\/schema\/logo\/image\/","url":"https:\/\/www.italiaisraele.org\/wp-content\/uploads\/2024\/02\/cropped-cropped-TESTATA-NEWS-2.jpg","contentUrl":"https:\/\/www.italiaisraele.org\/wp-content\/uploads\/2024\/02\/cropped-cropped-TESTATA-NEWS-2.jpg","width":1918,"height":291,"caption":"News Italia - Israele"},"image":{"@id":"https:\/\/www.italiaisraele.org\/#\/schema\/logo\/image\/"},"sameAs":["https:\/\/www.facebook.com\/Federazione.Associazioni.Italia.Israele"]},{"@type":"Person","@id":"https:\/\/www.italiaisraele.org\/#\/schema\/person\/7784c17a23e6ef9cb737f3192f043fab","name":"Giuseppe Crimaldi","image":{"@type":"ImageObject","inLanguage":"it-IT","@id":"https:\/\/secure.gravatar.com\/avatar\/a6ddf67481d5d5efef9847e6f4c99a77e7129e93382ea6de1e9ea96b8deec707?s=96&d=mm&r=g","url":"https:\/\/secure.gravatar.com\/avatar\/a6ddf67481d5d5efef9847e6f4c99a77e7129e93382ea6de1e9ea96b8deec707?s=96&d=mm&r=g","contentUrl":"https:\/\/secure.gravatar.com\/avatar\/a6ddf67481d5d5efef9847e6f4c99a77e7129e93382ea6de1e9ea96b8deec707?s=96&d=mm&r=g","caption":"Giuseppe Crimaldi"},"url":"https:\/\/www.italiaisraele.org\/?author=4"}]}},"_links":{"self":[{"href":"https:\/\/www.italiaisraele.org\/index.php?rest_route=\/wp\/v2\/posts\/1636","targetHints":{"allow":["GET"]}}],"collection":[{"href":"https:\/\/www.italiaisraele.org\/index.php?rest_route=\/wp\/v2\/posts"}],"about":[{"href":"https:\/\/www.italiaisraele.org\/index.php?rest_route=\/wp\/v2\/types\/post"}],"author":[{"embeddable":true,"href":"https:\/\/www.italiaisraele.org\/index.php?rest_route=\/wp\/v2\/users\/4"}],"replies":[{"embeddable":true,"href":"https:\/\/www.italiaisraele.org\/index.php?rest_route=%2Fwp%2Fv2%2Fcomments&post=1636"}],"version-history":[{"count":0,"href":"https:\/\/www.italiaisraele.org\/index.php?rest_route=\/wp\/v2\/posts\/1636\/revisions"}],"wp:featuredmedia":[{"embeddable":true,"href":"https:\/\/www.italiaisraele.org\/index.php?rest_route=\/wp\/v2\/media\/1637"}],"wp:attachment":[{"href":"https:\/\/www.italiaisraele.org\/index.php?rest_route=%2Fwp%2Fv2%2Fmedia&parent=1636"}],"wp:term":[{"taxonomy":"category","embeddable":true,"href":"https:\/\/www.italiaisraele.org\/index.php?rest_route=%2Fwp%2Fv2%2Fcategories&post=1636"},{"taxonomy":"post_tag","embeddable":true,"href":"https:\/\/www.italiaisraele.org\/index.php?rest_route=%2Fwp%2Fv2%2Ftags&post=1636"}],"curies":[{"name":"wp","href":"https:\/\/api.w.org\/{rel}","templated":true}]}}