{"id":1455,"date":"2024-06-03T10:38:51","date_gmt":"2024-06-03T08:38:51","guid":{"rendered":"https:\/\/www.italiaisraele.org\/?p=1455"},"modified":"2024-06-03T10:41:41","modified_gmt":"2024-06-03T08:41:41","slug":"a-firenze-si-parla-di-antisemitismo","status":"publish","type":"post","link":"https:\/\/www.italiaisraele.org\/?p=1455","title":{"rendered":"A Firenze si parla di antisemitismo in un libro di Valentino Baldacci"},"content":{"rendered":"\n<p>Oggi alle 18.30 presso il Giardino della Sinagoga (Via Farini) l&#8217;Associazione fiorentina Italia-Israele presenta l&#8217;ultimo libro del professor Valentino Baldacci &#8220;Antisemitismo vecchio e nuovo&#8221;. Sar\u00e0 ovviamente l&#8217;occasione per riflettere anche sull&#8217;attualit\u00e0, e su ci\u00f2 che sta accadendo in Medio Oriente.<\/p>\n\n\n\n<figure class=\"wp-block-image size-large is-resized\"><img loading=\"lazy\" decoding=\"async\" width=\"634\" height=\"1024\" src=\"https:\/\/www.italiaisraele.org\/wp-content\/uploads\/2024\/06\/baldacci-cover-634x1024.jpg\" alt=\"\" class=\"wp-image-1457\" style=\"width:529px;height:auto\" srcset=\"https:\/\/www.italiaisraele.org\/wp-content\/uploads\/2024\/06\/baldacci-cover-634x1024.jpg 634w, https:\/\/www.italiaisraele.org\/wp-content\/uploads\/2024\/06\/baldacci-cover-186x300.jpg 186w, https:\/\/www.italiaisraele.org\/wp-content\/uploads\/2024\/06\/baldacci-cover-768x1240.jpg 768w, https:\/\/www.italiaisraele.org\/wp-content\/uploads\/2024\/06\/baldacci-cover-600x969.jpg 600w, https:\/\/www.italiaisraele.org\/wp-content\/uploads\/2024\/06\/baldacci-cover.jpg 929w\" sizes=\"auto, (max-width: 634px) 100vw, 634px\" \/><\/figure>\n","protected":false},"excerpt":{"rendered":"<p>Oggi alle 18.30 presso il Giardino della Sinagoga (Via Farini) l&#8217;Associazione fiorentina Italia-Israele presenta l&#8217;ultimo libro del professor Valentino Baldacci &#8220;Antisemitismo vecchio e nuovo&#8221;. Sar\u00e0 ovviamente l&#8217;occasione per riflettere anche sull&#8217;attualit\u00e0, e su ci\u00f2 che sta accadendo in Medio Oriente.<\/p>\n","protected":false},"author":4,"featured_media":0,"comment_status":"open","ping_status":"closed","sticky":false,"template":"","format":"standard","meta":{"iawp_total_views":41,"footnotes":""},"categories":[3,15],"tags":[40,264,25],"class_list":["post-1455","post","type-post","status-publish","format-standard","hentry","category-cultura-e-societa","category-news-associazioni","tag-antisemitismo","tag-firenze","tag-italia-israele"],"yoast_head":"<!-- This site is optimized with the Yoast SEO plugin v27.5 - https:\/\/yoast.com\/product\/yoast-seo-wordpress\/ -->\r\n<title>A Firenze si parla di antisemitismo in un libro di Valentino Baldacci - Federazione Associazioni Italia Israele<\/title>\r\n<meta name=\"robots\" content=\"index, follow, max-snippet:-1, max-image-preview:large, max-video-preview:-1\" \/>\r\n<link rel=\"canonical\" href=\"https:\/\/www.italiaisraele.org\/?p=1455\" \/>\r\n<meta property=\"og:locale\" content=\"it_IT\" \/>\r\n<meta property=\"og:type\" content=\"article\" \/>\r\n<meta property=\"og:title\" content=\"A Firenze si parla di antisemitismo in un libro di Valentino Baldacci - Federazione Associazioni Italia Israele\" \/>\r\n<meta property=\"og:description\" content=\"Oggi alle 18.30 presso il Giardino della Sinagoga (Via Farini) l&#8217;Associazione fiorentina Italia-Israele presenta l&#8217;ultimo libro del professor Valentino Baldacci &#8220;Antisemitismo vecchio e nuovo&#8221;. Sar\u00e0 ovviamente l&#8217;occasione per riflettere anche sull&#8217;attualit\u00e0, e su ci\u00f2 che sta accadendo in Medio Oriente.\" \/>\r\n<meta property=\"og:url\" content=\"https:\/\/www.italiaisraele.org\/?p=1455\" \/>\r\n<meta property=\"og:site_name\" content=\"Federazione Associazioni Italia Israele\" \/>\r\n<meta property=\"article:publisher\" content=\"https:\/\/www.facebook.com\/Federazione.Associazioni.Italia.Israele\" \/>\r\n<meta property=\"article:published_time\" content=\"2024-06-03T08:38:51+00:00\" \/>\r\n<meta property=\"article:modified_time\" content=\"2024-06-03T08:41:41+00:00\" \/>\r\n<meta property=\"og:image\" content=\"https:\/\/www.italiaisraele.org\/wp-content\/uploads\/2024\/06\/baldacci-cover-634x1024.jpg\" \/>\r\n<meta name=\"author\" content=\"Giuseppe Crimaldi\" \/>\r\n<meta name=\"twitter:card\" content=\"summary_large_image\" \/>\r\n<meta name=\"twitter:label1\" content=\"Scritto da\" \/>\n\t<meta name=\"twitter:data1\" content=\"Giuseppe Crimaldi\" \/>\n\t<meta name=\"twitter:label2\" content=\"Tempo di lettura stimato\" \/>\n\t<meta name=\"twitter:data2\" content=\"1 minuto\" \/>\r\n<script type=\"application\/ld+json\" class=\"yoast-schema-graph\">{\"@context\":\"https:\\\/\\\/schema.org\",\"@graph\":[{\"@type\":\"Article\",\"@id\":\"https:\\\/\\\/www.italiaisraele.org\\\/?p=1455#article\",\"isPartOf\":{\"@id\":\"https:\\\/\\\/www.italiaisraele.org\\\/?p=1455\"},\"author\":{\"name\":\"Giuseppe Crimaldi\",\"@id\":\"https:\\\/\\\/www.italiaisraele.org\\\/#\\\/schema\\\/person\\\/7784c17a23e6ef9cb737f3192f043fab\"},\"headline\":\"A Firenze si parla di antisemitismo in un libro di Valentino Baldacci\",\"datePublished\":\"2024-06-03T08:38:51+00:00\",\"dateModified\":\"2024-06-03T08:41:41+00:00\",\"mainEntityOfPage\":{\"@id\":\"https:\\\/\\\/www.italiaisraele.org\\\/?p=1455\"},\"wordCount\":55,\"commentCount\":1,\"publisher\":{\"@id\":\"https:\\\/\\\/www.italiaisraele.org\\\/#organization\"},\"image\":{\"@id\":\"https:\\\/\\\/www.italiaisraele.org\\\/?p=1455#primaryimage\"},\"thumbnailUrl\":\"https:\\\/\\\/www.italiaisraele.org\\\/wp-content\\\/uploads\\\/2024\\\/06\\\/baldacci-cover-634x1024.jpg\",\"keywords\":[\"Antisemitismo\",\"Firenze\",\"Italia-Israele\"],\"articleSection\":[\"Cultura e Societ\u00e0\",\"News Associazioni\"],\"inLanguage\":\"it-IT\",\"potentialAction\":[{\"@type\":\"CommentAction\",\"name\":\"Comment\",\"target\":[\"https:\\\/\\\/www.italiaisraele.org\\\/?p=1455#respond\"]}]},{\"@type\":\"WebPage\",\"@id\":\"https:\\\/\\\/www.italiaisraele.org\\\/?p=1455\",\"url\":\"https:\\\/\\\/www.italiaisraele.org\\\/?p=1455\",\"name\":\"A Firenze si parla di antisemitismo in un libro di Valentino Baldacci - Federazione Associazioni Italia Israele\",\"isPartOf\":{\"@id\":\"https:\\\/\\\/www.italiaisraele.org\\\/#website\"},\"primaryImageOfPage\":{\"@id\":\"https:\\\/\\\/www.italiaisraele.org\\\/?p=1455#primaryimage\"},\"image\":{\"@id\":\"https:\\\/\\\/www.italiaisraele.org\\\/?p=1455#primaryimage\"},\"thumbnailUrl\":\"https:\\\/\\\/www.italiaisraele.org\\\/wp-content\\\/uploads\\\/2024\\\/06\\\/baldacci-cover-634x1024.jpg\",\"datePublished\":\"2024-06-03T08:38:51+00:00\",\"dateModified\":\"2024-06-03T08:41:41+00:00\",\"breadcrumb\":{\"@id\":\"https:\\\/\\\/www.italiaisraele.org\\\/?p=1455#breadcrumb\"},\"inLanguage\":\"it-IT\",\"potentialAction\":[{\"@type\":\"ReadAction\",\"target\":[\"https:\\\/\\\/www.italiaisraele.org\\\/?p=1455\"]}]},{\"@type\":\"ImageObject\",\"inLanguage\":\"it-IT\",\"@id\":\"https:\\\/\\\/www.italiaisraele.org\\\/?p=1455#primaryimage\",\"url\":\"https:\\\/\\\/www.italiaisraele.org\\\/wp-content\\\/uploads\\\/2024\\\/06\\\/baldacci-cover.jpg\",\"contentUrl\":\"https:\\\/\\\/www.italiaisraele.org\\\/wp-content\\\/uploads\\\/2024\\\/06\\\/baldacci-cover.jpg\",\"width\":929,\"height\":1500},{\"@type\":\"BreadcrumbList\",\"@id\":\"https:\\\/\\\/www.italiaisraele.org\\\/?p=1455#breadcrumb\",\"itemListElement\":[{\"@type\":\"ListItem\",\"position\":1,\"name\":\"Home\",\"item\":\"https:\\\/\\\/www.italiaisraele.org\\\/\"},{\"@type\":\"ListItem\",\"position\":2,\"name\":\"A Firenze si parla di antisemitismo in un libro di Valentino Baldacci\"}]},{\"@type\":\"WebSite\",\"@id\":\"https:\\\/\\\/www.italiaisraele.org\\\/#website\",\"url\":\"https:\\\/\\\/www.italiaisraele.org\\\/\",\"name\":\"News Italia - Israele\",\"description\":\"Italia Israele Today - Magazine\",\"publisher\":{\"@id\":\"https:\\\/\\\/www.italiaisraele.org\\\/#organization\"},\"potentialAction\":[{\"@type\":\"SearchAction\",\"target\":{\"@type\":\"EntryPoint\",\"urlTemplate\":\"https:\\\/\\\/www.italiaisraele.org\\\/?s={search_term_string}\"},\"query-input\":{\"@type\":\"PropertyValueSpecification\",\"valueRequired\":true,\"valueName\":\"search_term_string\"}}],\"inLanguage\":\"it-IT\"},{\"@type\":\"Organization\",\"@id\":\"https:\\\/\\\/www.italiaisraele.org\\\/#organization\",\"name\":\"News Italia - Israele\",\"url\":\"https:\\\/\\\/www.italiaisraele.org\\\/\",\"logo\":{\"@type\":\"ImageObject\",\"inLanguage\":\"it-IT\",\"@id\":\"https:\\\/\\\/www.italiaisraele.org\\\/#\\\/schema\\\/logo\\\/image\\\/\",\"url\":\"https:\\\/\\\/www.italiaisraele.org\\\/wp-content\\\/uploads\\\/2024\\\/02\\\/cropped-cropped-TESTATA-NEWS-2.jpg\",\"contentUrl\":\"https:\\\/\\\/www.italiaisraele.org\\\/wp-content\\\/uploads\\\/2024\\\/02\\\/cropped-cropped-TESTATA-NEWS-2.jpg\",\"width\":1918,\"height\":291,\"caption\":\"News Italia - Israele\"},\"image\":{\"@id\":\"https:\\\/\\\/www.italiaisraele.org\\\/#\\\/schema\\\/logo\\\/image\\\/\"},\"sameAs\":[\"https:\\\/\\\/www.facebook.com\\\/Federazione.Associazioni.Italia.Israele\"]},{\"@type\":\"Person\",\"@id\":\"https:\\\/\\\/www.italiaisraele.org\\\/#\\\/schema\\\/person\\\/7784c17a23e6ef9cb737f3192f043fab\",\"name\":\"Giuseppe Crimaldi\",\"image\":{\"@type\":\"ImageObject\",\"inLanguage\":\"it-IT\",\"@id\":\"https:\\\/\\\/secure.gravatar.com\\\/avatar\\\/a6ddf67481d5d5efef9847e6f4c99a77e7129e93382ea6de1e9ea96b8deec707?s=96&d=mm&r=g\",\"url\":\"https:\\\/\\\/secure.gravatar.com\\\/avatar\\\/a6ddf67481d5d5efef9847e6f4c99a77e7129e93382ea6de1e9ea96b8deec707?s=96&d=mm&r=g\",\"contentUrl\":\"https:\\\/\\\/secure.gravatar.com\\\/avatar\\\/a6ddf67481d5d5efef9847e6f4c99a77e7129e93382ea6de1e9ea96b8deec707?s=96&d=mm&r=g\",\"caption\":\"Giuseppe Crimaldi\"},\"url\":\"https:\\\/\\\/www.italiaisraele.org\\\/?author=4\"}]}<\/script>\r\n<!-- \/ Yoast SEO plugin. -->","yoast_head_json":{"title":"A Firenze si parla di antisemitismo in un libro di Valentino Baldacci - Federazione Associazioni Italia Israele","robots":{"index":"index","follow":"follow","max-snippet":"max-snippet:-1","max-image-preview":"max-image-preview:large","max-video-preview":"max-video-preview:-1"},"canonical":"https:\/\/www.italiaisraele.org\/?p=1455","og_locale":"it_IT","og_type":"article","og_title":"A Firenze si parla di antisemitismo in un libro di Valentino Baldacci - Federazione Associazioni Italia Israele","og_description":"Oggi alle 18.30 presso il Giardino della Sinagoga (Via Farini) l&#8217;Associazione fiorentina Italia-Israele presenta l&#8217;ultimo libro del professor Valentino Baldacci &#8220;Antisemitismo vecchio e nuovo&#8221;. Sar\u00e0 ovviamente l&#8217;occasione per riflettere anche sull&#8217;attualit\u00e0, e su ci\u00f2 che sta accadendo in Medio Oriente.","og_url":"https:\/\/www.italiaisraele.org\/?p=1455","og_site_name":"Federazione Associazioni Italia Israele","article_publisher":"https:\/\/www.facebook.com\/Federazione.Associazioni.Italia.Israele","article_published_time":"2024-06-03T08:38:51+00:00","article_modified_time":"2024-06-03T08:41:41+00:00","og_image":[{"url":"https:\/\/www.italiaisraele.org\/wp-content\/uploads\/2024\/06\/baldacci-cover-634x1024.jpg","type":"","width":"","height":""}],"author":"Giuseppe Crimaldi","twitter_card":"summary_large_image","twitter_misc":{"Scritto da":"Giuseppe Crimaldi","Tempo di lettura stimato":"1 minuto"},"schema":{"@context":"https:\/\/schema.org","@graph":[{"@type":"Article","@id":"https:\/\/www.italiaisraele.org\/?p=1455#article","isPartOf":{"@id":"https:\/\/www.italiaisraele.org\/?p=1455"},"author":{"name":"Giuseppe Crimaldi","@id":"https:\/\/www.italiaisraele.org\/#\/schema\/person\/7784c17a23e6ef9cb737f3192f043fab"},"headline":"A Firenze si parla di antisemitismo in un libro di Valentino Baldacci","datePublished":"2024-06-03T08:38:51+00:00","dateModified":"2024-06-03T08:41:41+00:00","mainEntityOfPage":{"@id":"https:\/\/www.italiaisraele.org\/?p=1455"},"wordCount":55,"commentCount":1,"publisher":{"@id":"https:\/\/www.italiaisraele.org\/#organization"},"image":{"@id":"https:\/\/www.italiaisraele.org\/?p=1455#primaryimage"},"thumbnailUrl":"https:\/\/www.italiaisraele.org\/wp-content\/uploads\/2024\/06\/baldacci-cover-634x1024.jpg","keywords":["Antisemitismo","Firenze","Italia-Israele"],"articleSection":["Cultura e Societ\u00e0","News Associazioni"],"inLanguage":"it-IT","potentialAction":[{"@type":"CommentAction","name":"Comment","target":["https:\/\/www.italiaisraele.org\/?p=1455#respond"]}]},{"@type":"WebPage","@id":"https:\/\/www.italiaisraele.org\/?p=1455","url":"https:\/\/www.italiaisraele.org\/?p=1455","name":"A Firenze si parla di antisemitismo in un libro di Valentino Baldacci - Federazione Associazioni Italia Israele","isPartOf":{"@id":"https:\/\/www.italiaisraele.org\/#website"},"primaryImageOfPage":{"@id":"https:\/\/www.italiaisraele.org\/?p=1455#primaryimage"},"image":{"@id":"https:\/\/www.italiaisraele.org\/?p=1455#primaryimage"},"thumbnailUrl":"https:\/\/www.italiaisraele.org\/wp-content\/uploads\/2024\/06\/baldacci-cover-634x1024.jpg","datePublished":"2024-06-03T08:38:51+00:00","dateModified":"2024-06-03T08:41:41+00:00","breadcrumb":{"@id":"https:\/\/www.italiaisraele.org\/?p=1455#breadcrumb"},"inLanguage":"it-IT","potentialAction":[{"@type":"ReadAction","target":["https:\/\/www.italiaisraele.org\/?p=1455"]}]},{"@type":"ImageObject","inLanguage":"it-IT","@id":"https:\/\/www.italiaisraele.org\/?p=1455#primaryimage","url":"https:\/\/www.italiaisraele.org\/wp-content\/uploads\/2024\/06\/baldacci-cover.jpg","contentUrl":"https:\/\/www.italiaisraele.org\/wp-content\/uploads\/2024\/06\/baldacci-cover.jpg","width":929,"height":1500},{"@type":"BreadcrumbList","@id":"https:\/\/www.italiaisraele.org\/?p=1455#breadcrumb","itemListElement":[{"@type":"ListItem","position":1,"name":"Home","item":"https:\/\/www.italiaisraele.org\/"},{"@type":"ListItem","position":2,"name":"A Firenze si parla di antisemitismo in un libro di Valentino Baldacci"}]},{"@type":"WebSite","@id":"https:\/\/www.italiaisraele.org\/#website","url":"https:\/\/www.italiaisraele.org\/","name":"News Italia - Israele","description":"Italia Israele Today - Magazine","publisher":{"@id":"https:\/\/www.italiaisraele.org\/#organization"},"potentialAction":[{"@type":"SearchAction","target":{"@type":"EntryPoint","urlTemplate":"https:\/\/www.italiaisraele.org\/?s={search_term_string}"},"query-input":{"@type":"PropertyValueSpecification","valueRequired":true,"valueName":"search_term_string"}}],"inLanguage":"it-IT"},{"@type":"Organization","@id":"https:\/\/www.italiaisraele.org\/#organization","name":"News Italia - Israele","url":"https:\/\/www.italiaisraele.org\/","logo":{"@type":"ImageObject","inLanguage":"it-IT","@id":"https:\/\/www.italiaisraele.org\/#\/schema\/logo\/image\/","url":"https:\/\/www.italiaisraele.org\/wp-content\/uploads\/2024\/02\/cropped-cropped-TESTATA-NEWS-2.jpg","contentUrl":"https:\/\/www.italiaisraele.org\/wp-content\/uploads\/2024\/02\/cropped-cropped-TESTATA-NEWS-2.jpg","width":1918,"height":291,"caption":"News Italia - Israele"},"image":{"@id":"https:\/\/www.italiaisraele.org\/#\/schema\/logo\/image\/"},"sameAs":["https:\/\/www.facebook.com\/Federazione.Associazioni.Italia.Israele"]},{"@type":"Person","@id":"https:\/\/www.italiaisraele.org\/#\/schema\/person\/7784c17a23e6ef9cb737f3192f043fab","name":"Giuseppe Crimaldi","image":{"@type":"ImageObject","inLanguage":"it-IT","@id":"https:\/\/secure.gravatar.com\/avatar\/a6ddf67481d5d5efef9847e6f4c99a77e7129e93382ea6de1e9ea96b8deec707?s=96&d=mm&r=g","url":"https:\/\/secure.gravatar.com\/avatar\/a6ddf67481d5d5efef9847e6f4c99a77e7129e93382ea6de1e9ea96b8deec707?s=96&d=mm&r=g","contentUrl":"https:\/\/secure.gravatar.com\/avatar\/a6ddf67481d5d5efef9847e6f4c99a77e7129e93382ea6de1e9ea96b8deec707?s=96&d=mm&r=g","caption":"Giuseppe Crimaldi"},"url":"https:\/\/www.italiaisraele.org\/?author=4"}]}},"_links":{"self":[{"href":"https:\/\/www.italiaisraele.org\/index.php?rest_route=\/wp\/v2\/posts\/1455","targetHints":{"allow":["GET"]}}],"collection":[{"href":"https:\/\/www.italiaisraele.org\/index.php?rest_route=\/wp\/v2\/posts"}],"about":[{"href":"https:\/\/www.italiaisraele.org\/index.php?rest_route=\/wp\/v2\/types\/post"}],"author":[{"embeddable":true,"href":"https:\/\/www.italiaisraele.org\/index.php?rest_route=\/wp\/v2\/users\/4"}],"replies":[{"embeddable":true,"href":"https:\/\/www.italiaisraele.org\/index.php?rest_route=%2Fwp%2Fv2%2Fcomments&post=1455"}],"version-history":[{"count":0,"href":"https:\/\/www.italiaisraele.org\/index.php?rest_route=\/wp\/v2\/posts\/1455\/revisions"}],"wp:attachment":[{"href":"https:\/\/www.italiaisraele.org\/index.php?rest_route=%2Fwp%2Fv2%2Fmedia&parent=1455"}],"wp:term":[{"taxonomy":"category","embeddable":true,"href":"https:\/\/www.italiaisraele.org\/index.php?rest_route=%2Fwp%2Fv2%2Fcategories&post=1455"},{"taxonomy":"post_tag","embeddable":true,"href":"https:\/\/www.italiaisraele.org\/index.php?rest_route=%2Fwp%2Fv2%2Ftags&post=1455"}],"curies":[{"name":"wp","href":"https:\/\/api.w.org\/{rel}","templated":true}]}}