{"id":1451,"date":"2024-06-02T17:07:03","date_gmt":"2024-06-02T15:07:03","guid":{"rendered":"https:\/\/www.italiaisraele.org\/?p=1451"},"modified":"2024-11-25T11:00:41","modified_gmt":"2024-11-25T10:00:41","slug":"quanto-ci-manca-marco-pannella","status":"publish","type":"post","link":"https:\/\/www.italiaisraele.org\/?p=1451","title":{"rendered":"Quanto ci manca Marco Pannella"},"content":{"rendered":"\n<p>Ieri ci chiedevamo chi sono i veri amici d&#8217;Israele. In realt\u00e0 la domanda si sarebbe dovuta formulare in questo modo: &#8220;chi sono ANCORA i veri amici d&#8217;Israele? E ci \u00e8 venuto improvvisamente in mente, con un inevitabile sospiro di nostalgia, il Marco Pannella combattente per le libert\u00e0 individuali, per l&#8217;affermazione dei diritti civili, e fiero sostenitore di Israele.<br>Nell&#8217;attuale panorama politico italiano non vediamo personaggi della statura di Pannella. E mai come oggi sar\u00e0 il caso di non dimenticare, di ricordare che il leader dei Radicali italiani fu tra i primi a proporre l&#8217;allargamento dei confini dell&#8217;Unione Europea a Israele.<br>Per questo siamo andati a ricercare un memorabile intervento firmato da Pannella sul Corriere della Sera del 22 agosto 2006.<br>Quello che segue \u00e8 un estratto, il cuore di quell&#8217;articolo. In tanti dovrebbero rileggerlo alla vigilia della tornata elettorale per le Europee:<br><strong><em>&#8220;\u2026 L&#8217;annunciato sisma bellico mediorientale \u00e8 propagandato ufficialmente a livello di Stati come l\u2019Iran, e dalla componente pi\u00f9 \u201cprestigiosa\u201d e potente del complesso Sistema terroristico che sta dilagando e rafforzandosi nel mondo: l\u2019Iran, gli Hezbollah, Bin Laden. La guerra \u00e8 gi\u00e0 ufficialmente in corso con l\u2019obiettivo propagandato di colpire a morte ed eliminare dal Medio Oriente lo Stato e il popolo di Israele. Ma questa guerra \u00e8 per loro in realt\u00e0 l\u2019occasione, lo strumento per realizzare il rivoluzionamento distruttivo dell\u2019ordine (o disordine che sia) internazionale esistente, quale affermatosi dalla fine degli anni Ottanta nel mondo.<br>L\u2019esistenza isolata dello Stato nazionale di Israele, la sua sovranit\u00e0 sullo 0,2 per cento del territorio del Medio Oriente, favorisce una strategia volta a realizzare un potere totalitario-islamista, almeno e per cominciare su quello spazio. L\u2019obiettivo \u00e8 quello di distruggere ogni rapporto con il mondo moderno che non sia quello di dominare o sottomettere anche ogni regime \u201cmoderato\u201d, accusato di debolezza corruttrice, sospettato di virtuali tolleranze ed evoluzioni laiche e democratiche delle loro societ\u00e0. Apice di una storia antimoderna o suo colpo di coda?<br>Nel contesto del Grande Satyagraha, l\u2019obiettivo di Israele nella Ue, della sua conversione diventa, quindi, fortemente strumentale per la politica di pace come alternativa all\u2019imminente per noi probabile guerra. Alla sovranit\u00e0 limitata di gi\u00e0 propria agli altri 25 Stati membri dell\u2019Ue, sicch\u00e9, questo obiettivo, da trent\u2019anni proprio del Partito Radicale Transnazionale, potrebbe costituire anche proprio di forze politiche tradizionalmente ostili, tanto quanto noi siamo stati e siamo favorevoli, ad Israele. Infatti, anche costoro potranno meglio considerare che le condizioni per far parte dell\u2019Unione europea sono quelle tassativamente oltre che democratiche d\u2019ispirazione e metodologia pacifiche. Israele, parte di un\u2019Unione europea di oltre mezzo miliardo di persone, potrebbe essere indubbiamente pi\u00f9 disponibile e interessata sia a rinunce territoriali sia a rapporti politici istituzionali ed economici radicalmente nuovi con libanesi democratici, con uno Stato democratico palestinese, con l\u2019intero Medio Oriente.<br>Sin d\u2019ora il Satyagraha per la Pace propone una riflessione all\u2019Ue, istituzione parlamentare inclusa: se entro cento giorni Bruxelles e Israele decidessero di iniziare un negoziato volto all\u2019ingresso nella Ue di Israele, con procedura straordinaria quanto a tempi di un suo successo o di un suo fallimento, un masso sarebbe lanciato in uno stagno mefitico e dalle esalazioni letali, erede, anzich\u00e9 superamento definitivo, del mondo e dell\u2019Europa degli anni della Shoah. Le motivazioni, gli obiettivi per scatenare la guerra mediorientale diverrebbero manifestamente indeboliti, pi\u00f9 che dubbia la sua convenienza ed il suo esito. E faciliterebbe il naturale e auspicato divorzio fra quanti si oppongono alla politica di Israele ma sono disponibili a difenderne il diritto all&#8217;esistenza e la dignit\u00e0, e quanti \u2013 invece \u2013 perseguono con strategie terroristiche l&#8217;obiettivo di instaurare ovunque regimi totalitari islamici in luogo di regimi anche \u201cmoderati\u201d che siano suscettibili di richiamarsi ai valori fondanti della civilt\u00e0 moderna, iscritti nelle Carte e Dichiarazioni costitutive dell\u2019Onu e della Comunit\u00e0 internazionale.<\/em><\/strong><br>Corriere della Sera del 22 agosto 2006<\/p>\n\n\n\n<figure class=\"wp-block-image size-large\"><img loading=\"lazy\" decoding=\"async\" width=\"1024\" height=\"1024\" src=\"https:\/\/www.italiaisraele.org\/wp-content\/uploads\/2024\/06\/pannella2-1024x1024.jpg\" alt=\"\" class=\"wp-image-1453\" srcset=\"https:\/\/www.italiaisraele.org\/wp-content\/uploads\/2024\/06\/pannella2-1024x1024.jpg 1024w, https:\/\/www.italiaisraele.org\/wp-content\/uploads\/2024\/06\/pannella2-300x300.jpg 300w, https:\/\/www.italiaisraele.org\/wp-content\/uploads\/2024\/06\/pannella2-150x150.jpg 150w, https:\/\/www.italiaisraele.org\/wp-content\/uploads\/2024\/06\/pannella2-768x768.jpg 768w, https:\/\/www.italiaisraele.org\/wp-content\/uploads\/2024\/06\/pannella2-600x600.jpg 600w, https:\/\/www.italiaisraele.org\/wp-content\/uploads\/2024\/06\/pannella2.jpg 1240w\" sizes=\"auto, (max-width: 1024px) 100vw, 1024px\" \/><\/figure>\n\n\n\n<p><em>Allargare fino a Israele i confini dell&#8217;Unione europea non \u00e8 un&#8217;idea che nasce dal nulla. Marco Pannella ha portato avanti questa battaglia per oltre vent&#8217;anni. \u201cI confini di Israele possono essere i confini degli Stati Uniti d\u2019Europa (e del Mediterraneo). I cittadini d\u2019Israele possono essere i cittadini degli Stati Uniti d\u2019Europa, della Comunit\u00e0 Europea\u201d, iniziava cos\u00ec l\u2019articolo pubblicato nel 1988 da Marco Pannella sul Jerusalem Post. Il leader dei Radicali aveva comprato degli spazi su alcuni quotidiani israeliani per diffondere il suo manifesto in occasione del primo Consiglio federale del Partito radicale transnazionale a Gerusalemme. Nel 2006, l&#8217;appello \u00e8 stato rinnovato: \u201cIsraele nell\u2019Ue \u00e8 naturale ricongiungimento, premessa dell\u2019auspicabile ricongiungimento europeo, mediterraneo: con Turchia, con Giordania, Palestina e Libano democratici, fino al Maghreb, al Marocco\u2026\u201d.<\/em><\/p>\n","protected":false},"excerpt":{"rendered":"<p>Ieri ci chiedevamo chi sono i veri amici d&#8217;Israele. In realt\u00e0 la domanda si sarebbe dovuta formulare in questo modo: &#8220;chi sono ANCORA i veri amici d&#8217;Israele? E ci \u00e8 venuto improvvisamente in mente, con un inevitabile sospiro di nostalgia, il Marco Pannella combattente per le libert\u00e0 individuali, per l&#8217;affermazione dei diritti civili, e fiero [&hellip;]<\/p>\n","protected":false},"author":4,"featured_media":1452,"comment_status":"open","ping_status":"closed","sticky":false,"template":"","format":"standard","meta":{"iawp_total_views":67,"footnotes":""},"categories":[3],"tags":[13,294,292],"class_list":["post-1451","post","type-post","status-publish","format-standard","has-post-thumbnail","hentry","category-cultura-e-societa","tag-israele","tag-radicali","tag-unione-europea"],"yoast_head":"<!-- This site is optimized with the Yoast SEO plugin v27.5 - https:\/\/yoast.com\/product\/yoast-seo-wordpress\/ -->\r\n<title>Quanto ci manca Marco Pannella - Federazione Associazioni Italia Israele<\/title>\r\n<meta name=\"robots\" content=\"index, follow, max-snippet:-1, max-image-preview:large, max-video-preview:-1\" \/>\r\n<link rel=\"canonical\" href=\"https:\/\/www.italiaisraele.org\/?p=1451\" \/>\r\n<meta property=\"og:locale\" content=\"it_IT\" \/>\r\n<meta property=\"og:type\" content=\"article\" \/>\r\n<meta property=\"og:title\" content=\"Quanto ci manca Marco Pannella - Federazione Associazioni Italia Israele\" \/>\r\n<meta property=\"og:description\" content=\"Ieri ci chiedevamo chi sono i veri amici d&#8217;Israele. In realt\u00e0 la domanda si sarebbe dovuta formulare in questo modo: &#8220;chi sono ANCORA i veri amici d&#8217;Israele? E ci \u00e8 venuto improvvisamente in mente, con un inevitabile sospiro di nostalgia, il Marco Pannella combattente per le libert\u00e0 individuali, per l&#8217;affermazione dei diritti civili, e fiero [&hellip;]\" \/>\r\n<meta property=\"og:url\" content=\"https:\/\/www.italiaisraele.org\/?p=1451\" \/>\r\n<meta property=\"og:site_name\" content=\"Federazione Associazioni Italia Israele\" \/>\r\n<meta property=\"article:publisher\" content=\"https:\/\/www.facebook.com\/Federazione.Associazioni.Italia.Israele\" \/>\r\n<meta property=\"article:published_time\" content=\"2024-06-02T15:07:03+00:00\" \/>\r\n<meta property=\"article:modified_time\" content=\"2024-11-25T10:00:41+00:00\" \/>\r\n<meta property=\"og:image\" content=\"https:\/\/www.italiaisraele.org\/wp-content\/uploads\/2024\/06\/pannella-cover.jpg\" \/>\r\n\t<meta property=\"og:image:width\" content=\"993\" \/>\r\n\t<meta property=\"og:image:height\" content=\"543\" \/>\r\n\t<meta property=\"og:image:type\" content=\"image\/jpeg\" \/>\r\n<meta name=\"author\" content=\"Giuseppe Crimaldi\" \/>\r\n<meta name=\"twitter:card\" content=\"summary_large_image\" \/>\r\n<meta name=\"twitter:label1\" content=\"Scritto da\" \/>\n\t<meta name=\"twitter:data1\" content=\"Giuseppe Crimaldi\" \/>\n\t<meta name=\"twitter:label2\" content=\"Tempo di lettura stimato\" \/>\n\t<meta name=\"twitter:data2\" content=\"5 minuti\" \/>\r\n<script type=\"application\/ld+json\" class=\"yoast-schema-graph\">{\"@context\":\"https:\\\/\\\/schema.org\",\"@graph\":[{\"@type\":\"Article\",\"@id\":\"https:\\\/\\\/www.italiaisraele.org\\\/?p=1451#article\",\"isPartOf\":{\"@id\":\"https:\\\/\\\/www.italiaisraele.org\\\/?p=1451\"},\"author\":{\"name\":\"Giuseppe Crimaldi\",\"@id\":\"https:\\\/\\\/www.italiaisraele.org\\\/#\\\/schema\\\/person\\\/7784c17a23e6ef9cb737f3192f043fab\"},\"headline\":\"Quanto ci manca Marco Pannella\",\"datePublished\":\"2024-06-02T15:07:03+00:00\",\"dateModified\":\"2024-11-25T10:00:41+00:00\",\"mainEntityOfPage\":{\"@id\":\"https:\\\/\\\/www.italiaisraele.org\\\/?p=1451\"},\"wordCount\":777,\"commentCount\":0,\"publisher\":{\"@id\":\"https:\\\/\\\/www.italiaisraele.org\\\/#organization\"},\"image\":{\"@id\":\"https:\\\/\\\/www.italiaisraele.org\\\/?p=1451#primaryimage\"},\"thumbnailUrl\":\"https:\\\/\\\/www.italiaisraele.org\\\/wp-content\\\/uploads\\\/2024\\\/06\\\/pannella-cover.jpg\",\"keywords\":[\"Israele\",\"Radicali\",\"Unione Europea\"],\"articleSection\":[\"Cultura e Societ\u00e0\"],\"inLanguage\":\"it-IT\",\"potentialAction\":[{\"@type\":\"CommentAction\",\"name\":\"Comment\",\"target\":[\"https:\\\/\\\/www.italiaisraele.org\\\/?p=1451#respond\"]}]},{\"@type\":\"WebPage\",\"@id\":\"https:\\\/\\\/www.italiaisraele.org\\\/?p=1451\",\"url\":\"https:\\\/\\\/www.italiaisraele.org\\\/?p=1451\",\"name\":\"Quanto ci manca Marco Pannella - Federazione Associazioni Italia Israele\",\"isPartOf\":{\"@id\":\"https:\\\/\\\/www.italiaisraele.org\\\/#website\"},\"primaryImageOfPage\":{\"@id\":\"https:\\\/\\\/www.italiaisraele.org\\\/?p=1451#primaryimage\"},\"image\":{\"@id\":\"https:\\\/\\\/www.italiaisraele.org\\\/?p=1451#primaryimage\"},\"thumbnailUrl\":\"https:\\\/\\\/www.italiaisraele.org\\\/wp-content\\\/uploads\\\/2024\\\/06\\\/pannella-cover.jpg\",\"datePublished\":\"2024-06-02T15:07:03+00:00\",\"dateModified\":\"2024-11-25T10:00:41+00:00\",\"breadcrumb\":{\"@id\":\"https:\\\/\\\/www.italiaisraele.org\\\/?p=1451#breadcrumb\"},\"inLanguage\":\"it-IT\",\"potentialAction\":[{\"@type\":\"ReadAction\",\"target\":[\"https:\\\/\\\/www.italiaisraele.org\\\/?p=1451\"]}]},{\"@type\":\"ImageObject\",\"inLanguage\":\"it-IT\",\"@id\":\"https:\\\/\\\/www.italiaisraele.org\\\/?p=1451#primaryimage\",\"url\":\"https:\\\/\\\/www.italiaisraele.org\\\/wp-content\\\/uploads\\\/2024\\\/06\\\/pannella-cover.jpg\",\"contentUrl\":\"https:\\\/\\\/www.italiaisraele.org\\\/wp-content\\\/uploads\\\/2024\\\/06\\\/pannella-cover.jpg\",\"width\":993,\"height\":543},{\"@type\":\"BreadcrumbList\",\"@id\":\"https:\\\/\\\/www.italiaisraele.org\\\/?p=1451#breadcrumb\",\"itemListElement\":[{\"@type\":\"ListItem\",\"position\":1,\"name\":\"Home\",\"item\":\"https:\\\/\\\/www.italiaisraele.org\\\/\"},{\"@type\":\"ListItem\",\"position\":2,\"name\":\"Quanto ci manca Marco Pannella\"}]},{\"@type\":\"WebSite\",\"@id\":\"https:\\\/\\\/www.italiaisraele.org\\\/#website\",\"url\":\"https:\\\/\\\/www.italiaisraele.org\\\/\",\"name\":\"News Italia - Israele\",\"description\":\"Italia Israele Today - Magazine\",\"publisher\":{\"@id\":\"https:\\\/\\\/www.italiaisraele.org\\\/#organization\"},\"potentialAction\":[{\"@type\":\"SearchAction\",\"target\":{\"@type\":\"EntryPoint\",\"urlTemplate\":\"https:\\\/\\\/www.italiaisraele.org\\\/?s={search_term_string}\"},\"query-input\":{\"@type\":\"PropertyValueSpecification\",\"valueRequired\":true,\"valueName\":\"search_term_string\"}}],\"inLanguage\":\"it-IT\"},{\"@type\":\"Organization\",\"@id\":\"https:\\\/\\\/www.italiaisraele.org\\\/#organization\",\"name\":\"News Italia - Israele\",\"url\":\"https:\\\/\\\/www.italiaisraele.org\\\/\",\"logo\":{\"@type\":\"ImageObject\",\"inLanguage\":\"it-IT\",\"@id\":\"https:\\\/\\\/www.italiaisraele.org\\\/#\\\/schema\\\/logo\\\/image\\\/\",\"url\":\"https:\\\/\\\/www.italiaisraele.org\\\/wp-content\\\/uploads\\\/2024\\\/02\\\/cropped-cropped-TESTATA-NEWS-2.jpg\",\"contentUrl\":\"https:\\\/\\\/www.italiaisraele.org\\\/wp-content\\\/uploads\\\/2024\\\/02\\\/cropped-cropped-TESTATA-NEWS-2.jpg\",\"width\":1918,\"height\":291,\"caption\":\"News Italia - Israele\"},\"image\":{\"@id\":\"https:\\\/\\\/www.italiaisraele.org\\\/#\\\/schema\\\/logo\\\/image\\\/\"},\"sameAs\":[\"https:\\\/\\\/www.facebook.com\\\/Federazione.Associazioni.Italia.Israele\"]},{\"@type\":\"Person\",\"@id\":\"https:\\\/\\\/www.italiaisraele.org\\\/#\\\/schema\\\/person\\\/7784c17a23e6ef9cb737f3192f043fab\",\"name\":\"Giuseppe Crimaldi\",\"image\":{\"@type\":\"ImageObject\",\"inLanguage\":\"it-IT\",\"@id\":\"https:\\\/\\\/secure.gravatar.com\\\/avatar\\\/a6ddf67481d5d5efef9847e6f4c99a77e7129e93382ea6de1e9ea96b8deec707?s=96&d=mm&r=g\",\"url\":\"https:\\\/\\\/secure.gravatar.com\\\/avatar\\\/a6ddf67481d5d5efef9847e6f4c99a77e7129e93382ea6de1e9ea96b8deec707?s=96&d=mm&r=g\",\"contentUrl\":\"https:\\\/\\\/secure.gravatar.com\\\/avatar\\\/a6ddf67481d5d5efef9847e6f4c99a77e7129e93382ea6de1e9ea96b8deec707?s=96&d=mm&r=g\",\"caption\":\"Giuseppe Crimaldi\"},\"url\":\"https:\\\/\\\/www.italiaisraele.org\\\/?author=4\"}]}<\/script>\r\n<!-- \/ Yoast SEO plugin. -->","yoast_head_json":{"title":"Quanto ci manca Marco Pannella - Federazione Associazioni Italia Israele","robots":{"index":"index","follow":"follow","max-snippet":"max-snippet:-1","max-image-preview":"max-image-preview:large","max-video-preview":"max-video-preview:-1"},"canonical":"https:\/\/www.italiaisraele.org\/?p=1451","og_locale":"it_IT","og_type":"article","og_title":"Quanto ci manca Marco Pannella - Federazione Associazioni Italia Israele","og_description":"Ieri ci chiedevamo chi sono i veri amici d&#8217;Israele. In realt\u00e0 la domanda si sarebbe dovuta formulare in questo modo: &#8220;chi sono ANCORA i veri amici d&#8217;Israele? E ci \u00e8 venuto improvvisamente in mente, con un inevitabile sospiro di nostalgia, il Marco Pannella combattente per le libert\u00e0 individuali, per l&#8217;affermazione dei diritti civili, e fiero [&hellip;]","og_url":"https:\/\/www.italiaisraele.org\/?p=1451","og_site_name":"Federazione Associazioni Italia Israele","article_publisher":"https:\/\/www.facebook.com\/Federazione.Associazioni.Italia.Israele","article_published_time":"2024-06-02T15:07:03+00:00","article_modified_time":"2024-11-25T10:00:41+00:00","og_image":[{"width":993,"height":543,"url":"https:\/\/www.italiaisraele.org\/wp-content\/uploads\/2024\/06\/pannella-cover.jpg","type":"image\/jpeg"}],"author":"Giuseppe Crimaldi","twitter_card":"summary_large_image","twitter_misc":{"Scritto da":"Giuseppe Crimaldi","Tempo di lettura stimato":"5 minuti"},"schema":{"@context":"https:\/\/schema.org","@graph":[{"@type":"Article","@id":"https:\/\/www.italiaisraele.org\/?p=1451#article","isPartOf":{"@id":"https:\/\/www.italiaisraele.org\/?p=1451"},"author":{"name":"Giuseppe Crimaldi","@id":"https:\/\/www.italiaisraele.org\/#\/schema\/person\/7784c17a23e6ef9cb737f3192f043fab"},"headline":"Quanto ci manca Marco Pannella","datePublished":"2024-06-02T15:07:03+00:00","dateModified":"2024-11-25T10:00:41+00:00","mainEntityOfPage":{"@id":"https:\/\/www.italiaisraele.org\/?p=1451"},"wordCount":777,"commentCount":0,"publisher":{"@id":"https:\/\/www.italiaisraele.org\/#organization"},"image":{"@id":"https:\/\/www.italiaisraele.org\/?p=1451#primaryimage"},"thumbnailUrl":"https:\/\/www.italiaisraele.org\/wp-content\/uploads\/2024\/06\/pannella-cover.jpg","keywords":["Israele","Radicali","Unione Europea"],"articleSection":["Cultura e Societ\u00e0"],"inLanguage":"it-IT","potentialAction":[{"@type":"CommentAction","name":"Comment","target":["https:\/\/www.italiaisraele.org\/?p=1451#respond"]}]},{"@type":"WebPage","@id":"https:\/\/www.italiaisraele.org\/?p=1451","url":"https:\/\/www.italiaisraele.org\/?p=1451","name":"Quanto ci manca Marco Pannella - Federazione Associazioni Italia Israele","isPartOf":{"@id":"https:\/\/www.italiaisraele.org\/#website"},"primaryImageOfPage":{"@id":"https:\/\/www.italiaisraele.org\/?p=1451#primaryimage"},"image":{"@id":"https:\/\/www.italiaisraele.org\/?p=1451#primaryimage"},"thumbnailUrl":"https:\/\/www.italiaisraele.org\/wp-content\/uploads\/2024\/06\/pannella-cover.jpg","datePublished":"2024-06-02T15:07:03+00:00","dateModified":"2024-11-25T10:00:41+00:00","breadcrumb":{"@id":"https:\/\/www.italiaisraele.org\/?p=1451#breadcrumb"},"inLanguage":"it-IT","potentialAction":[{"@type":"ReadAction","target":["https:\/\/www.italiaisraele.org\/?p=1451"]}]},{"@type":"ImageObject","inLanguage":"it-IT","@id":"https:\/\/www.italiaisraele.org\/?p=1451#primaryimage","url":"https:\/\/www.italiaisraele.org\/wp-content\/uploads\/2024\/06\/pannella-cover.jpg","contentUrl":"https:\/\/www.italiaisraele.org\/wp-content\/uploads\/2024\/06\/pannella-cover.jpg","width":993,"height":543},{"@type":"BreadcrumbList","@id":"https:\/\/www.italiaisraele.org\/?p=1451#breadcrumb","itemListElement":[{"@type":"ListItem","position":1,"name":"Home","item":"https:\/\/www.italiaisraele.org\/"},{"@type":"ListItem","position":2,"name":"Quanto ci manca Marco Pannella"}]},{"@type":"WebSite","@id":"https:\/\/www.italiaisraele.org\/#website","url":"https:\/\/www.italiaisraele.org\/","name":"News Italia - Israele","description":"Italia Israele Today - Magazine","publisher":{"@id":"https:\/\/www.italiaisraele.org\/#organization"},"potentialAction":[{"@type":"SearchAction","target":{"@type":"EntryPoint","urlTemplate":"https:\/\/www.italiaisraele.org\/?s={search_term_string}"},"query-input":{"@type":"PropertyValueSpecification","valueRequired":true,"valueName":"search_term_string"}}],"inLanguage":"it-IT"},{"@type":"Organization","@id":"https:\/\/www.italiaisraele.org\/#organization","name":"News Italia - Israele","url":"https:\/\/www.italiaisraele.org\/","logo":{"@type":"ImageObject","inLanguage":"it-IT","@id":"https:\/\/www.italiaisraele.org\/#\/schema\/logo\/image\/","url":"https:\/\/www.italiaisraele.org\/wp-content\/uploads\/2024\/02\/cropped-cropped-TESTATA-NEWS-2.jpg","contentUrl":"https:\/\/www.italiaisraele.org\/wp-content\/uploads\/2024\/02\/cropped-cropped-TESTATA-NEWS-2.jpg","width":1918,"height":291,"caption":"News Italia - Israele"},"image":{"@id":"https:\/\/www.italiaisraele.org\/#\/schema\/logo\/image\/"},"sameAs":["https:\/\/www.facebook.com\/Federazione.Associazioni.Italia.Israele"]},{"@type":"Person","@id":"https:\/\/www.italiaisraele.org\/#\/schema\/person\/7784c17a23e6ef9cb737f3192f043fab","name":"Giuseppe Crimaldi","image":{"@type":"ImageObject","inLanguage":"it-IT","@id":"https:\/\/secure.gravatar.com\/avatar\/a6ddf67481d5d5efef9847e6f4c99a77e7129e93382ea6de1e9ea96b8deec707?s=96&d=mm&r=g","url":"https:\/\/secure.gravatar.com\/avatar\/a6ddf67481d5d5efef9847e6f4c99a77e7129e93382ea6de1e9ea96b8deec707?s=96&d=mm&r=g","contentUrl":"https:\/\/secure.gravatar.com\/avatar\/a6ddf67481d5d5efef9847e6f4c99a77e7129e93382ea6de1e9ea96b8deec707?s=96&d=mm&r=g","caption":"Giuseppe Crimaldi"},"url":"https:\/\/www.italiaisraele.org\/?author=4"}]}},"_links":{"self":[{"href":"https:\/\/www.italiaisraele.org\/index.php?rest_route=\/wp\/v2\/posts\/1451","targetHints":{"allow":["GET"]}}],"collection":[{"href":"https:\/\/www.italiaisraele.org\/index.php?rest_route=\/wp\/v2\/posts"}],"about":[{"href":"https:\/\/www.italiaisraele.org\/index.php?rest_route=\/wp\/v2\/types\/post"}],"author":[{"embeddable":true,"href":"https:\/\/www.italiaisraele.org\/index.php?rest_route=\/wp\/v2\/users\/4"}],"replies":[{"embeddable":true,"href":"https:\/\/www.italiaisraele.org\/index.php?rest_route=%2Fwp%2Fv2%2Fcomments&post=1451"}],"version-history":[{"count":0,"href":"https:\/\/www.italiaisraele.org\/index.php?rest_route=\/wp\/v2\/posts\/1451\/revisions"}],"wp:featuredmedia":[{"embeddable":true,"href":"https:\/\/www.italiaisraele.org\/index.php?rest_route=\/wp\/v2\/media\/1452"}],"wp:attachment":[{"href":"https:\/\/www.italiaisraele.org\/index.php?rest_route=%2Fwp%2Fv2%2Fmedia&parent=1451"}],"wp:term":[{"taxonomy":"category","embeddable":true,"href":"https:\/\/www.italiaisraele.org\/index.php?rest_route=%2Fwp%2Fv2%2Fcategories&post=1451"},{"taxonomy":"post_tag","embeddable":true,"href":"https:\/\/www.italiaisraele.org\/index.php?rest_route=%2Fwp%2Fv2%2Ftags&post=1451"}],"curies":[{"name":"wp","href":"https:\/\/api.w.org\/{rel}","templated":true}]}}