{"id":1308,"date":"2024-05-13T09:27:05","date_gmt":"2024-05-13T07:27:05","guid":{"rendered":"https:\/\/www.italiaisraele.org\/?p=1308"},"modified":"2024-11-25T10:54:59","modified_gmt":"2024-11-25T09:54:59","slug":"amburgo-baghdad","status":"publish","type":"post","link":"https:\/\/www.italiaisraele.org\/?p=1308","title":{"rendered":"Amburgo, Baghdad"},"content":{"rendered":"\n<p><strong><em>Oltre 1.100 estremisti ad Amburgo invocano il Califfato e la dominazione islamica. L&#8217;imbarazzo di Scholz<\/em><\/strong><br>In un corteo animato da circa mille islamici, ad Amburgo, si \u00e8 inneggiato al califfato come \u00absoluzione\u00bb per la Germania. E la manifestazione, che si \u00e8 tenuta nel weekend, fa molto discutere nella Repubblica federale, dove il fatto \u00e8 sulle prime pagine di alcuni giornali, come Bild e die Welt, e dove ha gi\u00e0 reagito anche la ministra dell&#8217;Interno, annunciando conseguenze.<br>\u00abGermania=dittatura di valori\u00bb, \u00abil Califfato \u00e8 la soluzione\u00bb, si leggeva sui manifesti, nel corso di un comizio dai toni molto forti. \u00abChi vuole il califfato \u00e8 qui all&#8217;indirizzo sbagliato\u00bb, ha replicato la ministra socialdemocratica, Nancy Faeser.<\/p>\n\n\n\n<figure class=\"wp-block-image size-full\"><img loading=\"lazy\" decoding=\"async\" width=\"800\" height=\"480\" src=\"https:\/\/www.italiaisraele.org\/wp-content\/uploads\/2024\/05\/amburg3.jpg\" alt=\"\" class=\"wp-image-1310\" srcset=\"https:\/\/www.italiaisraele.org\/wp-content\/uploads\/2024\/05\/amburg3.jpg 800w, https:\/\/www.italiaisraele.org\/wp-content\/uploads\/2024\/05\/amburg3-300x180.jpg 300w, https:\/\/www.italiaisraele.org\/wp-content\/uploads\/2024\/05\/amburg3-768x461.jpg 768w, https:\/\/www.italiaisraele.org\/wp-content\/uploads\/2024\/05\/amburg3-600x360.jpg 600w\" sizes=\"auto, (max-width: 800px) 100vw, 800px\" \/><\/figure>\n\n\n\n<p>(<em>Kalifat ist die loesung= il califfato \u00e8 la soluzione)<\/em><\/p>\n\n\n\n<p>Un&#8217;allucinazione, altro che i quattro sciamannati delle Universit\u00e0 italiane. Il gruppo \u00abMuslim Interaktiv\u00bb, che spalleggerebbe i manifestanti, \u00ab\u00e8 ritenuto vicino ad una organizzazione islamica bandita, Hizib ut-Tahrir, e chiede da tempo l&#8217;introduzione del califfato\u00bb, ha spiegato alla Welt Lanya Kaddor, dei Verdi, sollecitando Faeser ad interdire anche questo gruppo. Anche i liberali hanno chiesto il ricorso al pugno fermo, citando la possibilit\u00e0 di ricorrere a espulsioni.<\/p>\n\n\n\n<figure class=\"wp-block-image size-full\"><img loading=\"lazy\" decoding=\"async\" width=\"286\" height=\"176\" src=\"https:\/\/www.italiaisraele.org\/wp-content\/uploads\/2024\/05\/amburg-4.jpg\" alt=\"\" class=\"wp-image-1311\"\/><\/figure>\n\n\n\n<p>La Mezzaluna sulla Germania, dove proclamare il califfato e instaurare la sharia, la legge dell&#8217;Islam. \u00c8 il sogno di tanti islamisti che vivono in territorio tedesco, 27.480 secondo gli ultimi dati risalenti al 2022 dell&#8217;Ufficio federale per la protezione della Costituzione (Bfv), l&#8217;agenzia di intelligence interna. Sul totale, 11.000 erano attribuiti al salafismo. A novembre 2023, la polizia classificava come pericolosi 487 seguaci dell&#8217;Islam radicale, di cui 90 in carcere in Germania, 216 a piede libero e 181 all&#8217;estero. Tanti si sono riversati nelle strade del quartiere di Sankt Georg ad Amburgo, il 27 aprile. In 1.100 hanno sfilato inneggiando al califfato come \u00absoluzione\u00bb e denunciando una \u00abdittatura dei valori\u00bb in Germania, dove l&#8217;Islam sarebbe oggetto di fobia e falsa rappresentazione. Inoltre, i manifestanti hanno chiesto che il governo tedesco smetta di sostenere Israele nella guerra contro Hamas nella Striscia di Gaza.<\/p>\n\n\n\n<p>(<em>Fonti: Corriere del Ticino, Huffington Post e Il Giornale)<\/em><\/p>\n\n\n\n<p><\/p>\n","protected":false},"excerpt":{"rendered":"<p>Oltre 1.100 estremisti ad Amburgo invocano il Califfato e la dominazione islamica. L&#8217;imbarazzo di ScholzIn un corteo animato da circa mille islamici, ad Amburgo, si \u00e8 inneggiato al califfato come \u00absoluzione\u00bb per la Germania. E la manifestazione, che si \u00e8 tenuta nel weekend, fa molto discutere nella Repubblica federale, dove il fatto \u00e8 sulle prime [&hellip;]<\/p>\n","protected":false},"author":2,"featured_media":1309,"comment_status":"open","ping_status":"closed","sticky":false,"template":"","format":"standard","meta":{"iawp_total_views":34,"footnotes":""},"categories":[1],"tags":[253,254,256,255],"class_list":["post-1308","post","type-post","status-publish","format-standard","has-post-thumbnail","hentry","category-mondo","tag-amburgo","tag-califfato","tag-integralismo","tag-lanya-kaddor"],"yoast_head":"<!-- This site is optimized with the Yoast SEO plugin v27.5 - https:\/\/yoast.com\/product\/yoast-seo-wordpress\/ -->\r\n<title>Amburgo, Baghdad - Federazione Associazioni Italia Israele<\/title>\r\n<meta name=\"robots\" content=\"index, follow, max-snippet:-1, max-image-preview:large, max-video-preview:-1\" \/>\r\n<link rel=\"canonical\" href=\"https:\/\/www.italiaisraele.org\/?p=1308\" \/>\r\n<meta property=\"og:locale\" content=\"it_IT\" \/>\r\n<meta property=\"og:type\" content=\"article\" \/>\r\n<meta property=\"og:title\" content=\"Amburgo, Baghdad - Federazione Associazioni Italia Israele\" \/>\r\n<meta property=\"og:description\" content=\"Oltre 1.100 estremisti ad Amburgo invocano il Califfato e la dominazione islamica. L&#8217;imbarazzo di ScholzIn un corteo animato da circa mille islamici, ad Amburgo, si \u00e8 inneggiato al califfato come \u00absoluzione\u00bb per la Germania. E la manifestazione, che si \u00e8 tenuta nel weekend, fa molto discutere nella Repubblica federale, dove il fatto \u00e8 sulle prime [&hellip;]\" \/>\r\n<meta property=\"og:url\" content=\"https:\/\/www.italiaisraele.org\/?p=1308\" \/>\r\n<meta property=\"og:site_name\" content=\"Federazione Associazioni Italia Israele\" \/>\r\n<meta property=\"article:publisher\" content=\"https:\/\/www.facebook.com\/Federazione.Associazioni.Italia.Israele\" \/>\r\n<meta property=\"article:published_time\" content=\"2024-05-13T07:27:05+00:00\" \/>\r\n<meta property=\"article:modified_time\" content=\"2024-11-25T09:54:59+00:00\" \/>\r\n<meta property=\"og:image\" content=\"https:\/\/www.italiaisraele.org\/wp-content\/uploads\/2024\/05\/amburg2.jpg\" \/>\r\n\t<meta property=\"og:image:width\" content=\"300\" \/>\r\n\t<meta property=\"og:image:height\" content=\"168\" \/>\r\n\t<meta property=\"og:image:type\" content=\"image\/jpeg\" \/>\r\n<meta name=\"author\" content=\"Redazione\" \/>\r\n<meta name=\"twitter:card\" content=\"summary_large_image\" \/>\r\n<meta name=\"twitter:label1\" content=\"Scritto da\" \/>\n\t<meta name=\"twitter:data1\" content=\"Redazione\" \/>\n\t<meta name=\"twitter:label2\" content=\"Tempo di lettura stimato\" \/>\n\t<meta name=\"twitter:data2\" content=\"3 minuti\" \/>\r\n<script type=\"application\/ld+json\" class=\"yoast-schema-graph\">{\"@context\":\"https:\\\/\\\/schema.org\",\"@graph\":[{\"@type\":\"Article\",\"@id\":\"https:\\\/\\\/www.italiaisraele.org\\\/?p=1308#article\",\"isPartOf\":{\"@id\":\"https:\\\/\\\/www.italiaisraele.org\\\/?p=1308\"},\"author\":{\"name\":\"Redazione\",\"@id\":\"https:\\\/\\\/www.italiaisraele.org\\\/#\\\/schema\\\/person\\\/a58663d7e92468eb3e7d158e016946cd\"},\"headline\":\"Amburgo, Baghdad\",\"datePublished\":\"2024-05-13T07:27:05+00:00\",\"dateModified\":\"2024-11-25T09:54:59+00:00\",\"mainEntityOfPage\":{\"@id\":\"https:\\\/\\\/www.italiaisraele.org\\\/?p=1308\"},\"wordCount\":333,\"commentCount\":1,\"publisher\":{\"@id\":\"https:\\\/\\\/www.italiaisraele.org\\\/#organization\"},\"image\":{\"@id\":\"https:\\\/\\\/www.italiaisraele.org\\\/?p=1308#primaryimage\"},\"thumbnailUrl\":\"https:\\\/\\\/www.italiaisraele.org\\\/wp-content\\\/uploads\\\/2024\\\/05\\\/amburg2.jpg\",\"keywords\":[\"Amburgo\",\"califfato\",\"integralismo\",\"Lanya Kaddor\"],\"articleSection\":[\"Mondo\"],\"inLanguage\":\"it-IT\",\"potentialAction\":[{\"@type\":\"CommentAction\",\"name\":\"Comment\",\"target\":[\"https:\\\/\\\/www.italiaisraele.org\\\/?p=1308#respond\"]}]},{\"@type\":\"WebPage\",\"@id\":\"https:\\\/\\\/www.italiaisraele.org\\\/?p=1308\",\"url\":\"https:\\\/\\\/www.italiaisraele.org\\\/?p=1308\",\"name\":\"Amburgo, Baghdad - Federazione Associazioni Italia Israele\",\"isPartOf\":{\"@id\":\"https:\\\/\\\/www.italiaisraele.org\\\/#website\"},\"primaryImageOfPage\":{\"@id\":\"https:\\\/\\\/www.italiaisraele.org\\\/?p=1308#primaryimage\"},\"image\":{\"@id\":\"https:\\\/\\\/www.italiaisraele.org\\\/?p=1308#primaryimage\"},\"thumbnailUrl\":\"https:\\\/\\\/www.italiaisraele.org\\\/wp-content\\\/uploads\\\/2024\\\/05\\\/amburg2.jpg\",\"datePublished\":\"2024-05-13T07:27:05+00:00\",\"dateModified\":\"2024-11-25T09:54:59+00:00\",\"breadcrumb\":{\"@id\":\"https:\\\/\\\/www.italiaisraele.org\\\/?p=1308#breadcrumb\"},\"inLanguage\":\"it-IT\",\"potentialAction\":[{\"@type\":\"ReadAction\",\"target\":[\"https:\\\/\\\/www.italiaisraele.org\\\/?p=1308\"]}]},{\"@type\":\"ImageObject\",\"inLanguage\":\"it-IT\",\"@id\":\"https:\\\/\\\/www.italiaisraele.org\\\/?p=1308#primaryimage\",\"url\":\"https:\\\/\\\/www.italiaisraele.org\\\/wp-content\\\/uploads\\\/2024\\\/05\\\/amburg2.jpg\",\"contentUrl\":\"https:\\\/\\\/www.italiaisraele.org\\\/wp-content\\\/uploads\\\/2024\\\/05\\\/amburg2.jpg\",\"width\":300,\"height\":168},{\"@type\":\"BreadcrumbList\",\"@id\":\"https:\\\/\\\/www.italiaisraele.org\\\/?p=1308#breadcrumb\",\"itemListElement\":[{\"@type\":\"ListItem\",\"position\":1,\"name\":\"Home\",\"item\":\"https:\\\/\\\/www.italiaisraele.org\\\/\"},{\"@type\":\"ListItem\",\"position\":2,\"name\":\"Amburgo, Baghdad\"}]},{\"@type\":\"WebSite\",\"@id\":\"https:\\\/\\\/www.italiaisraele.org\\\/#website\",\"url\":\"https:\\\/\\\/www.italiaisraele.org\\\/\",\"name\":\"News Italia - Israele\",\"description\":\"Italia Israele Today - Magazine\",\"publisher\":{\"@id\":\"https:\\\/\\\/www.italiaisraele.org\\\/#organization\"},\"potentialAction\":[{\"@type\":\"SearchAction\",\"target\":{\"@type\":\"EntryPoint\",\"urlTemplate\":\"https:\\\/\\\/www.italiaisraele.org\\\/?s={search_term_string}\"},\"query-input\":{\"@type\":\"PropertyValueSpecification\",\"valueRequired\":true,\"valueName\":\"search_term_string\"}}],\"inLanguage\":\"it-IT\"},{\"@type\":\"Organization\",\"@id\":\"https:\\\/\\\/www.italiaisraele.org\\\/#organization\",\"name\":\"News Italia - Israele\",\"url\":\"https:\\\/\\\/www.italiaisraele.org\\\/\",\"logo\":{\"@type\":\"ImageObject\",\"inLanguage\":\"it-IT\",\"@id\":\"https:\\\/\\\/www.italiaisraele.org\\\/#\\\/schema\\\/logo\\\/image\\\/\",\"url\":\"https:\\\/\\\/www.italiaisraele.org\\\/wp-content\\\/uploads\\\/2024\\\/02\\\/cropped-cropped-TESTATA-NEWS-2.jpg\",\"contentUrl\":\"https:\\\/\\\/www.italiaisraele.org\\\/wp-content\\\/uploads\\\/2024\\\/02\\\/cropped-cropped-TESTATA-NEWS-2.jpg\",\"width\":1918,\"height\":291,\"caption\":\"News Italia - Israele\"},\"image\":{\"@id\":\"https:\\\/\\\/www.italiaisraele.org\\\/#\\\/schema\\\/logo\\\/image\\\/\"},\"sameAs\":[\"https:\\\/\\\/www.facebook.com\\\/Federazione.Associazioni.Italia.Israele\"]},{\"@type\":\"Person\",\"@id\":\"https:\\\/\\\/www.italiaisraele.org\\\/#\\\/schema\\\/person\\\/a58663d7e92468eb3e7d158e016946cd\",\"name\":\"Redazione\",\"image\":{\"@type\":\"ImageObject\",\"inLanguage\":\"it-IT\",\"@id\":\"https:\\\/\\\/secure.gravatar.com\\\/avatar\\\/fe11715b332cc423bb3991a005da4d50b44647eec21b11abddd059d3deafc450?s=96&d=mm&r=g\",\"url\":\"https:\\\/\\\/secure.gravatar.com\\\/avatar\\\/fe11715b332cc423bb3991a005da4d50b44647eec21b11abddd059d3deafc450?s=96&d=mm&r=g\",\"contentUrl\":\"https:\\\/\\\/secure.gravatar.com\\\/avatar\\\/fe11715b332cc423bb3991a005da4d50b44647eec21b11abddd059d3deafc450?s=96&d=mm&r=g\",\"caption\":\"Redazione\"},\"url\":\"https:\\\/\\\/www.italiaisraele.org\\\/?author=2\"}]}<\/script>\r\n<!-- \/ Yoast SEO plugin. -->","yoast_head_json":{"title":"Amburgo, Baghdad - Federazione Associazioni Italia Israele","robots":{"index":"index","follow":"follow","max-snippet":"max-snippet:-1","max-image-preview":"max-image-preview:large","max-video-preview":"max-video-preview:-1"},"canonical":"https:\/\/www.italiaisraele.org\/?p=1308","og_locale":"it_IT","og_type":"article","og_title":"Amburgo, Baghdad - Federazione Associazioni Italia Israele","og_description":"Oltre 1.100 estremisti ad Amburgo invocano il Califfato e la dominazione islamica. L&#8217;imbarazzo di ScholzIn un corteo animato da circa mille islamici, ad Amburgo, si \u00e8 inneggiato al califfato come \u00absoluzione\u00bb per la Germania. E la manifestazione, che si \u00e8 tenuta nel weekend, fa molto discutere nella Repubblica federale, dove il fatto \u00e8 sulle prime [&hellip;]","og_url":"https:\/\/www.italiaisraele.org\/?p=1308","og_site_name":"Federazione Associazioni Italia Israele","article_publisher":"https:\/\/www.facebook.com\/Federazione.Associazioni.Italia.Israele","article_published_time":"2024-05-13T07:27:05+00:00","article_modified_time":"2024-11-25T09:54:59+00:00","og_image":[{"width":300,"height":168,"url":"https:\/\/www.italiaisraele.org\/wp-content\/uploads\/2024\/05\/amburg2.jpg","type":"image\/jpeg"}],"author":"Redazione","twitter_card":"summary_large_image","twitter_misc":{"Scritto da":"Redazione","Tempo di lettura stimato":"3 minuti"},"schema":{"@context":"https:\/\/schema.org","@graph":[{"@type":"Article","@id":"https:\/\/www.italiaisraele.org\/?p=1308#article","isPartOf":{"@id":"https:\/\/www.italiaisraele.org\/?p=1308"},"author":{"name":"Redazione","@id":"https:\/\/www.italiaisraele.org\/#\/schema\/person\/a58663d7e92468eb3e7d158e016946cd"},"headline":"Amburgo, Baghdad","datePublished":"2024-05-13T07:27:05+00:00","dateModified":"2024-11-25T09:54:59+00:00","mainEntityOfPage":{"@id":"https:\/\/www.italiaisraele.org\/?p=1308"},"wordCount":333,"commentCount":1,"publisher":{"@id":"https:\/\/www.italiaisraele.org\/#organization"},"image":{"@id":"https:\/\/www.italiaisraele.org\/?p=1308#primaryimage"},"thumbnailUrl":"https:\/\/www.italiaisraele.org\/wp-content\/uploads\/2024\/05\/amburg2.jpg","keywords":["Amburgo","califfato","integralismo","Lanya Kaddor"],"articleSection":["Mondo"],"inLanguage":"it-IT","potentialAction":[{"@type":"CommentAction","name":"Comment","target":["https:\/\/www.italiaisraele.org\/?p=1308#respond"]}]},{"@type":"WebPage","@id":"https:\/\/www.italiaisraele.org\/?p=1308","url":"https:\/\/www.italiaisraele.org\/?p=1308","name":"Amburgo, Baghdad - Federazione Associazioni Italia Israele","isPartOf":{"@id":"https:\/\/www.italiaisraele.org\/#website"},"primaryImageOfPage":{"@id":"https:\/\/www.italiaisraele.org\/?p=1308#primaryimage"},"image":{"@id":"https:\/\/www.italiaisraele.org\/?p=1308#primaryimage"},"thumbnailUrl":"https:\/\/www.italiaisraele.org\/wp-content\/uploads\/2024\/05\/amburg2.jpg","datePublished":"2024-05-13T07:27:05+00:00","dateModified":"2024-11-25T09:54:59+00:00","breadcrumb":{"@id":"https:\/\/www.italiaisraele.org\/?p=1308#breadcrumb"},"inLanguage":"it-IT","potentialAction":[{"@type":"ReadAction","target":["https:\/\/www.italiaisraele.org\/?p=1308"]}]},{"@type":"ImageObject","inLanguage":"it-IT","@id":"https:\/\/www.italiaisraele.org\/?p=1308#primaryimage","url":"https:\/\/www.italiaisraele.org\/wp-content\/uploads\/2024\/05\/amburg2.jpg","contentUrl":"https:\/\/www.italiaisraele.org\/wp-content\/uploads\/2024\/05\/amburg2.jpg","width":300,"height":168},{"@type":"BreadcrumbList","@id":"https:\/\/www.italiaisraele.org\/?p=1308#breadcrumb","itemListElement":[{"@type":"ListItem","position":1,"name":"Home","item":"https:\/\/www.italiaisraele.org\/"},{"@type":"ListItem","position":2,"name":"Amburgo, Baghdad"}]},{"@type":"WebSite","@id":"https:\/\/www.italiaisraele.org\/#website","url":"https:\/\/www.italiaisraele.org\/","name":"News Italia - Israele","description":"Italia Israele Today - Magazine","publisher":{"@id":"https:\/\/www.italiaisraele.org\/#organization"},"potentialAction":[{"@type":"SearchAction","target":{"@type":"EntryPoint","urlTemplate":"https:\/\/www.italiaisraele.org\/?s={search_term_string}"},"query-input":{"@type":"PropertyValueSpecification","valueRequired":true,"valueName":"search_term_string"}}],"inLanguage":"it-IT"},{"@type":"Organization","@id":"https:\/\/www.italiaisraele.org\/#organization","name":"News Italia - Israele","url":"https:\/\/www.italiaisraele.org\/","logo":{"@type":"ImageObject","inLanguage":"it-IT","@id":"https:\/\/www.italiaisraele.org\/#\/schema\/logo\/image\/","url":"https:\/\/www.italiaisraele.org\/wp-content\/uploads\/2024\/02\/cropped-cropped-TESTATA-NEWS-2.jpg","contentUrl":"https:\/\/www.italiaisraele.org\/wp-content\/uploads\/2024\/02\/cropped-cropped-TESTATA-NEWS-2.jpg","width":1918,"height":291,"caption":"News Italia - Israele"},"image":{"@id":"https:\/\/www.italiaisraele.org\/#\/schema\/logo\/image\/"},"sameAs":["https:\/\/www.facebook.com\/Federazione.Associazioni.Italia.Israele"]},{"@type":"Person","@id":"https:\/\/www.italiaisraele.org\/#\/schema\/person\/a58663d7e92468eb3e7d158e016946cd","name":"Redazione","image":{"@type":"ImageObject","inLanguage":"it-IT","@id":"https:\/\/secure.gravatar.com\/avatar\/fe11715b332cc423bb3991a005da4d50b44647eec21b11abddd059d3deafc450?s=96&d=mm&r=g","url":"https:\/\/secure.gravatar.com\/avatar\/fe11715b332cc423bb3991a005da4d50b44647eec21b11abddd059d3deafc450?s=96&d=mm&r=g","contentUrl":"https:\/\/secure.gravatar.com\/avatar\/fe11715b332cc423bb3991a005da4d50b44647eec21b11abddd059d3deafc450?s=96&d=mm&r=g","caption":"Redazione"},"url":"https:\/\/www.italiaisraele.org\/?author=2"}]}},"_links":{"self":[{"href":"https:\/\/www.italiaisraele.org\/index.php?rest_route=\/wp\/v2\/posts\/1308","targetHints":{"allow":["GET"]}}],"collection":[{"href":"https:\/\/www.italiaisraele.org\/index.php?rest_route=\/wp\/v2\/posts"}],"about":[{"href":"https:\/\/www.italiaisraele.org\/index.php?rest_route=\/wp\/v2\/types\/post"}],"author":[{"embeddable":true,"href":"https:\/\/www.italiaisraele.org\/index.php?rest_route=\/wp\/v2\/users\/2"}],"replies":[{"embeddable":true,"href":"https:\/\/www.italiaisraele.org\/index.php?rest_route=%2Fwp%2Fv2%2Fcomments&post=1308"}],"version-history":[{"count":0,"href":"https:\/\/www.italiaisraele.org\/index.php?rest_route=\/wp\/v2\/posts\/1308\/revisions"}],"wp:featuredmedia":[{"embeddable":true,"href":"https:\/\/www.italiaisraele.org\/index.php?rest_route=\/wp\/v2\/media\/1309"}],"wp:attachment":[{"href":"https:\/\/www.italiaisraele.org\/index.php?rest_route=%2Fwp%2Fv2%2Fmedia&parent=1308"}],"wp:term":[{"taxonomy":"category","embeddable":true,"href":"https:\/\/www.italiaisraele.org\/index.php?rest_route=%2Fwp%2Fv2%2Fcategories&post=1308"},{"taxonomy":"post_tag","embeddable":true,"href":"https:\/\/www.italiaisraele.org\/index.php?rest_route=%2Fwp%2Fv2%2Ftags&post=1308"}],"curies":[{"name":"wp","href":"https:\/\/api.w.org\/{rel}","templated":true}]}}