{"id":1300,"date":"2024-05-11T18:24:01","date_gmt":"2024-05-11T16:24:01","guid":{"rendered":"https:\/\/www.italiaisraele.org\/?p=1300"},"modified":"2024-11-25T10:55:52","modified_gmt":"2024-11-25T09:55:52","slug":"e-stasera-alleurofestival-tutti-con-eden-golan","status":"publish","type":"post","link":"https:\/\/www.italiaisraele.org\/?p=1300","title":{"rendered":"E stasera all&#8217;Eurofestival tutti con Eden Golan"},"content":{"rendered":"\n<p>Come spesso capita, e lo dimostra la vicenda di Israele all&#8217;edizione in corso in Svezia, Eurovision Song Contest riesce a essere un contesto ben pi\u00f9 politico di una sessione plenaria del parlamento europeo. Tanto pi\u00f9 in un periodo in cui i Paesi dell\u2019Unione sono chiamati a prendere decisioni importanti e divisive rispetto alla politica estera. Parecchi osservatori sono convinti che il miglior termometro sull\u2019opinione pubblica europea possa essere il risultato di Israele in classifica: e un primo risultato \u00e8 gi\u00e0 arrivato con il 39% dei voti degli italiani per la cantante che rappresenta Israele: Eden Golan.<\/p>\n\n\n\n<figure class=\"wp-block-image size-full is-resized\"><img loading=\"lazy\" decoding=\"async\" width=\"224\" height=\"224\" src=\"https:\/\/www.italiaisraele.org\/wp-content\/uploads\/2024\/05\/Eden.jpg\" alt=\"\" class=\"wp-image-1302\" style=\"width:337px;height:auto\" srcset=\"https:\/\/www.italiaisraele.org\/wp-content\/uploads\/2024\/05\/Eden.jpg 224w, https:\/\/www.italiaisraele.org\/wp-content\/uploads\/2024\/05\/Eden-150x150.jpg 150w\" sizes=\"auto, (max-width: 224px) 100vw, 224px\" \/><\/figure>\n\n\n\n<p><em>(Eden Golan)<\/em><\/p>\n\n\n\n<p>Stasera la finale, e bisogna essere tutti di nuovo con Israele al voto telefonico. Intanto la polizia svedese \u00e8 stata avvertita che attivisti anti-israeliani potrebbero tentare di entrare nell&#8217;arena di Malm\u00f6, dove stasera si terr\u00e0 la finale dell&#8217;Eurovision, dove potrebbero compiere una \u00abprovocazione\u00bb durante l&#8217;esibizione di Eden Golan, la cantante che rappresenta Israele nella competizione. Lo riporta Ynet News.<\/p>\n\n\n\n<p><strong>Tutti gli spettatori dei Paesi partecipanti e non partecipanti potranno votare tramite l&#8217;app ufficiale Esc2024 (disponibile per i dispositivi iOS, Android o Windows) al costo di 0,50 euro o tramite il sito www. esc. vote.<\/strong><\/p>\n\n\n\n<p>Ripetiamo il successo di due giorni fa e diamo una risposta di solidariet\u00e0 e amicizia a Israele<\/p>\n","protected":false},"excerpt":{"rendered":"<p>Come spesso capita, e lo dimostra la vicenda di Israele all&#8217;edizione in corso in Svezia, Eurovision Song Contest riesce a essere un contesto ben pi\u00f9 politico di una sessione plenaria del parlamento europeo. Tanto pi\u00f9 in un periodo in cui i Paesi dell\u2019Unione sono chiamati a prendere decisioni importanti e divisive rispetto alla politica estera. [&hellip;]<\/p>\n","protected":false},"author":4,"featured_media":1301,"comment_status":"open","ping_status":"closed","sticky":false,"template":"","format":"standard","meta":{"iawp_total_views":81,"footnotes":""},"categories":[5],"tags":[250,231,251],"class_list":["post-1300","post","type-post","status-publish","format-standard","has-post-thumbnail","hentry","category-news","tag-eden-gol","tag-eurovision","tag-televoto"],"yoast_head":"<!-- This site is optimized with the Yoast SEO plugin v27.5 - https:\/\/yoast.com\/product\/yoast-seo-wordpress\/ -->\r\n<title>E stasera all&#039;Eurofestival tutti con Eden Golan - Federazione Associazioni Italia Israele<\/title>\r\n<meta name=\"robots\" content=\"index, follow, max-snippet:-1, max-image-preview:large, max-video-preview:-1\" \/>\r\n<link rel=\"canonical\" href=\"https:\/\/www.italiaisraele.org\/?p=1300\" \/>\r\n<meta property=\"og:locale\" content=\"it_IT\" \/>\r\n<meta property=\"og:type\" content=\"article\" \/>\r\n<meta property=\"og:title\" content=\"E stasera all&#039;Eurofestival tutti con Eden Golan - Federazione Associazioni Italia Israele\" \/>\r\n<meta property=\"og:description\" content=\"Come spesso capita, e lo dimostra la vicenda di Israele all&#8217;edizione in corso in Svezia, Eurovision Song Contest riesce a essere un contesto ben pi\u00f9 politico di una sessione plenaria del parlamento europeo. Tanto pi\u00f9 in un periodo in cui i Paesi dell\u2019Unione sono chiamati a prendere decisioni importanti e divisive rispetto alla politica estera. [&hellip;]\" \/>\r\n<meta property=\"og:url\" content=\"https:\/\/www.italiaisraele.org\/?p=1300\" \/>\r\n<meta property=\"og:site_name\" content=\"Federazione Associazioni Italia Israele\" \/>\r\n<meta property=\"article:publisher\" content=\"https:\/\/www.facebook.com\/Federazione.Associazioni.Italia.Israele\" \/>\r\n<meta property=\"article:published_time\" content=\"2024-05-11T16:24:01+00:00\" \/>\r\n<meta property=\"article:modified_time\" content=\"2024-11-25T09:55:52+00:00\" \/>\r\n<meta property=\"og:image\" content=\"https:\/\/www.italiaisraele.org\/wp-content\/uploads\/2024\/05\/euro.jpg\" \/>\r\n\t<meta property=\"og:image:width\" content=\"1140\" \/>\r\n\t<meta property=\"og:image:height\" content=\"1055\" \/>\r\n\t<meta property=\"og:image:type\" content=\"image\/jpeg\" \/>\r\n<meta name=\"author\" content=\"Giuseppe Crimaldi\" \/>\r\n<meta name=\"twitter:card\" content=\"summary_large_image\" \/>\r\n<meta name=\"twitter:label1\" content=\"Scritto da\" \/>\n\t<meta name=\"twitter:data1\" content=\"Giuseppe Crimaldi\" \/>\n\t<meta name=\"twitter:label2\" content=\"Tempo di lettura stimato\" \/>\n\t<meta name=\"twitter:data2\" content=\"2 minuti\" \/>\r\n<script type=\"application\/ld+json\" class=\"yoast-schema-graph\">{\"@context\":\"https:\\\/\\\/schema.org\",\"@graph\":[{\"@type\":\"Article\",\"@id\":\"https:\\\/\\\/www.italiaisraele.org\\\/?p=1300#article\",\"isPartOf\":{\"@id\":\"https:\\\/\\\/www.italiaisraele.org\\\/?p=1300\"},\"author\":{\"name\":\"Giuseppe Crimaldi\",\"@id\":\"https:\\\/\\\/www.italiaisraele.org\\\/#\\\/schema\\\/person\\\/7784c17a23e6ef9cb737f3192f043fab\"},\"headline\":\"E stasera all&#8217;Eurofestival tutti con Eden Golan\",\"datePublished\":\"2024-05-11T16:24:01+00:00\",\"dateModified\":\"2024-11-25T09:55:52+00:00\",\"mainEntityOfPage\":{\"@id\":\"https:\\\/\\\/www.italiaisraele.org\\\/?p=1300\"},\"wordCount\":220,\"commentCount\":0,\"publisher\":{\"@id\":\"https:\\\/\\\/www.italiaisraele.org\\\/#organization\"},\"image\":{\"@id\":\"https:\\\/\\\/www.italiaisraele.org\\\/?p=1300#primaryimage\"},\"thumbnailUrl\":\"https:\\\/\\\/www.italiaisraele.org\\\/wp-content\\\/uploads\\\/2024\\\/05\\\/euro.jpg\",\"keywords\":[\"Eden Gol\",\"Eurovision\",\"televoto\"],\"articleSection\":[\"News\"],\"inLanguage\":\"it-IT\",\"potentialAction\":[{\"@type\":\"CommentAction\",\"name\":\"Comment\",\"target\":[\"https:\\\/\\\/www.italiaisraele.org\\\/?p=1300#respond\"]}]},{\"@type\":\"WebPage\",\"@id\":\"https:\\\/\\\/www.italiaisraele.org\\\/?p=1300\",\"url\":\"https:\\\/\\\/www.italiaisraele.org\\\/?p=1300\",\"name\":\"E stasera all'Eurofestival tutti con Eden Golan - Federazione Associazioni Italia Israele\",\"isPartOf\":{\"@id\":\"https:\\\/\\\/www.italiaisraele.org\\\/#website\"},\"primaryImageOfPage\":{\"@id\":\"https:\\\/\\\/www.italiaisraele.org\\\/?p=1300#primaryimage\"},\"image\":{\"@id\":\"https:\\\/\\\/www.italiaisraele.org\\\/?p=1300#primaryimage\"},\"thumbnailUrl\":\"https:\\\/\\\/www.italiaisraele.org\\\/wp-content\\\/uploads\\\/2024\\\/05\\\/euro.jpg\",\"datePublished\":\"2024-05-11T16:24:01+00:00\",\"dateModified\":\"2024-11-25T09:55:52+00:00\",\"breadcrumb\":{\"@id\":\"https:\\\/\\\/www.italiaisraele.org\\\/?p=1300#breadcrumb\"},\"inLanguage\":\"it-IT\",\"potentialAction\":[{\"@type\":\"ReadAction\",\"target\":[\"https:\\\/\\\/www.italiaisraele.org\\\/?p=1300\"]}]},{\"@type\":\"ImageObject\",\"inLanguage\":\"it-IT\",\"@id\":\"https:\\\/\\\/www.italiaisraele.org\\\/?p=1300#primaryimage\",\"url\":\"https:\\\/\\\/www.italiaisraele.org\\\/wp-content\\\/uploads\\\/2024\\\/05\\\/euro.jpg\",\"contentUrl\":\"https:\\\/\\\/www.italiaisraele.org\\\/wp-content\\\/uploads\\\/2024\\\/05\\\/euro.jpg\",\"width\":1140,\"height\":1055},{\"@type\":\"BreadcrumbList\",\"@id\":\"https:\\\/\\\/www.italiaisraele.org\\\/?p=1300#breadcrumb\",\"itemListElement\":[{\"@type\":\"ListItem\",\"position\":1,\"name\":\"Home\",\"item\":\"https:\\\/\\\/www.italiaisraele.org\\\/\"},{\"@type\":\"ListItem\",\"position\":2,\"name\":\"E stasera all&#8217;Eurofestival tutti con Eden Golan\"}]},{\"@type\":\"WebSite\",\"@id\":\"https:\\\/\\\/www.italiaisraele.org\\\/#website\",\"url\":\"https:\\\/\\\/www.italiaisraele.org\\\/\",\"name\":\"News Italia - Israele\",\"description\":\"Italia Israele Today - Magazine\",\"publisher\":{\"@id\":\"https:\\\/\\\/www.italiaisraele.org\\\/#organization\"},\"potentialAction\":[{\"@type\":\"SearchAction\",\"target\":{\"@type\":\"EntryPoint\",\"urlTemplate\":\"https:\\\/\\\/www.italiaisraele.org\\\/?s={search_term_string}\"},\"query-input\":{\"@type\":\"PropertyValueSpecification\",\"valueRequired\":true,\"valueName\":\"search_term_string\"}}],\"inLanguage\":\"it-IT\"},{\"@type\":\"Organization\",\"@id\":\"https:\\\/\\\/www.italiaisraele.org\\\/#organization\",\"name\":\"News Italia - Israele\",\"url\":\"https:\\\/\\\/www.italiaisraele.org\\\/\",\"logo\":{\"@type\":\"ImageObject\",\"inLanguage\":\"it-IT\",\"@id\":\"https:\\\/\\\/www.italiaisraele.org\\\/#\\\/schema\\\/logo\\\/image\\\/\",\"url\":\"https:\\\/\\\/www.italiaisraele.org\\\/wp-content\\\/uploads\\\/2024\\\/02\\\/cropped-cropped-TESTATA-NEWS-2.jpg\",\"contentUrl\":\"https:\\\/\\\/www.italiaisraele.org\\\/wp-content\\\/uploads\\\/2024\\\/02\\\/cropped-cropped-TESTATA-NEWS-2.jpg\",\"width\":1918,\"height\":291,\"caption\":\"News Italia - Israele\"},\"image\":{\"@id\":\"https:\\\/\\\/www.italiaisraele.org\\\/#\\\/schema\\\/logo\\\/image\\\/\"},\"sameAs\":[\"https:\\\/\\\/www.facebook.com\\\/Federazione.Associazioni.Italia.Israele\"]},{\"@type\":\"Person\",\"@id\":\"https:\\\/\\\/www.italiaisraele.org\\\/#\\\/schema\\\/person\\\/7784c17a23e6ef9cb737f3192f043fab\",\"name\":\"Giuseppe Crimaldi\",\"image\":{\"@type\":\"ImageObject\",\"inLanguage\":\"it-IT\",\"@id\":\"https:\\\/\\\/secure.gravatar.com\\\/avatar\\\/a6ddf67481d5d5efef9847e6f4c99a77e7129e93382ea6de1e9ea96b8deec707?s=96&d=mm&r=g\",\"url\":\"https:\\\/\\\/secure.gravatar.com\\\/avatar\\\/a6ddf67481d5d5efef9847e6f4c99a77e7129e93382ea6de1e9ea96b8deec707?s=96&d=mm&r=g\",\"contentUrl\":\"https:\\\/\\\/secure.gravatar.com\\\/avatar\\\/a6ddf67481d5d5efef9847e6f4c99a77e7129e93382ea6de1e9ea96b8deec707?s=96&d=mm&r=g\",\"caption\":\"Giuseppe Crimaldi\"},\"url\":\"https:\\\/\\\/www.italiaisraele.org\\\/?author=4\"}]}<\/script>\r\n<!-- \/ Yoast SEO plugin. -->","yoast_head_json":{"title":"E stasera all'Eurofestival tutti con Eden Golan - Federazione Associazioni Italia Israele","robots":{"index":"index","follow":"follow","max-snippet":"max-snippet:-1","max-image-preview":"max-image-preview:large","max-video-preview":"max-video-preview:-1"},"canonical":"https:\/\/www.italiaisraele.org\/?p=1300","og_locale":"it_IT","og_type":"article","og_title":"E stasera all'Eurofestival tutti con Eden Golan - Federazione Associazioni Italia Israele","og_description":"Come spesso capita, e lo dimostra la vicenda di Israele all&#8217;edizione in corso in Svezia, Eurovision Song Contest riesce a essere un contesto ben pi\u00f9 politico di una sessione plenaria del parlamento europeo. Tanto pi\u00f9 in un periodo in cui i Paesi dell\u2019Unione sono chiamati a prendere decisioni importanti e divisive rispetto alla politica estera. [&hellip;]","og_url":"https:\/\/www.italiaisraele.org\/?p=1300","og_site_name":"Federazione Associazioni Italia Israele","article_publisher":"https:\/\/www.facebook.com\/Federazione.Associazioni.Italia.Israele","article_published_time":"2024-05-11T16:24:01+00:00","article_modified_time":"2024-11-25T09:55:52+00:00","og_image":[{"width":1140,"height":1055,"url":"https:\/\/www.italiaisraele.org\/wp-content\/uploads\/2024\/05\/euro.jpg","type":"image\/jpeg"}],"author":"Giuseppe Crimaldi","twitter_card":"summary_large_image","twitter_misc":{"Scritto da":"Giuseppe Crimaldi","Tempo di lettura stimato":"2 minuti"},"schema":{"@context":"https:\/\/schema.org","@graph":[{"@type":"Article","@id":"https:\/\/www.italiaisraele.org\/?p=1300#article","isPartOf":{"@id":"https:\/\/www.italiaisraele.org\/?p=1300"},"author":{"name":"Giuseppe Crimaldi","@id":"https:\/\/www.italiaisraele.org\/#\/schema\/person\/7784c17a23e6ef9cb737f3192f043fab"},"headline":"E stasera all&#8217;Eurofestival tutti con Eden Golan","datePublished":"2024-05-11T16:24:01+00:00","dateModified":"2024-11-25T09:55:52+00:00","mainEntityOfPage":{"@id":"https:\/\/www.italiaisraele.org\/?p=1300"},"wordCount":220,"commentCount":0,"publisher":{"@id":"https:\/\/www.italiaisraele.org\/#organization"},"image":{"@id":"https:\/\/www.italiaisraele.org\/?p=1300#primaryimage"},"thumbnailUrl":"https:\/\/www.italiaisraele.org\/wp-content\/uploads\/2024\/05\/euro.jpg","keywords":["Eden Gol","Eurovision","televoto"],"articleSection":["News"],"inLanguage":"it-IT","potentialAction":[{"@type":"CommentAction","name":"Comment","target":["https:\/\/www.italiaisraele.org\/?p=1300#respond"]}]},{"@type":"WebPage","@id":"https:\/\/www.italiaisraele.org\/?p=1300","url":"https:\/\/www.italiaisraele.org\/?p=1300","name":"E stasera all'Eurofestival tutti con Eden Golan - Federazione Associazioni Italia Israele","isPartOf":{"@id":"https:\/\/www.italiaisraele.org\/#website"},"primaryImageOfPage":{"@id":"https:\/\/www.italiaisraele.org\/?p=1300#primaryimage"},"image":{"@id":"https:\/\/www.italiaisraele.org\/?p=1300#primaryimage"},"thumbnailUrl":"https:\/\/www.italiaisraele.org\/wp-content\/uploads\/2024\/05\/euro.jpg","datePublished":"2024-05-11T16:24:01+00:00","dateModified":"2024-11-25T09:55:52+00:00","breadcrumb":{"@id":"https:\/\/www.italiaisraele.org\/?p=1300#breadcrumb"},"inLanguage":"it-IT","potentialAction":[{"@type":"ReadAction","target":["https:\/\/www.italiaisraele.org\/?p=1300"]}]},{"@type":"ImageObject","inLanguage":"it-IT","@id":"https:\/\/www.italiaisraele.org\/?p=1300#primaryimage","url":"https:\/\/www.italiaisraele.org\/wp-content\/uploads\/2024\/05\/euro.jpg","contentUrl":"https:\/\/www.italiaisraele.org\/wp-content\/uploads\/2024\/05\/euro.jpg","width":1140,"height":1055},{"@type":"BreadcrumbList","@id":"https:\/\/www.italiaisraele.org\/?p=1300#breadcrumb","itemListElement":[{"@type":"ListItem","position":1,"name":"Home","item":"https:\/\/www.italiaisraele.org\/"},{"@type":"ListItem","position":2,"name":"E stasera all&#8217;Eurofestival tutti con Eden Golan"}]},{"@type":"WebSite","@id":"https:\/\/www.italiaisraele.org\/#website","url":"https:\/\/www.italiaisraele.org\/","name":"News Italia - Israele","description":"Italia Israele Today - Magazine","publisher":{"@id":"https:\/\/www.italiaisraele.org\/#organization"},"potentialAction":[{"@type":"SearchAction","target":{"@type":"EntryPoint","urlTemplate":"https:\/\/www.italiaisraele.org\/?s={search_term_string}"},"query-input":{"@type":"PropertyValueSpecification","valueRequired":true,"valueName":"search_term_string"}}],"inLanguage":"it-IT"},{"@type":"Organization","@id":"https:\/\/www.italiaisraele.org\/#organization","name":"News Italia - Israele","url":"https:\/\/www.italiaisraele.org\/","logo":{"@type":"ImageObject","inLanguage":"it-IT","@id":"https:\/\/www.italiaisraele.org\/#\/schema\/logo\/image\/","url":"https:\/\/www.italiaisraele.org\/wp-content\/uploads\/2024\/02\/cropped-cropped-TESTATA-NEWS-2.jpg","contentUrl":"https:\/\/www.italiaisraele.org\/wp-content\/uploads\/2024\/02\/cropped-cropped-TESTATA-NEWS-2.jpg","width":1918,"height":291,"caption":"News Italia - Israele"},"image":{"@id":"https:\/\/www.italiaisraele.org\/#\/schema\/logo\/image\/"},"sameAs":["https:\/\/www.facebook.com\/Federazione.Associazioni.Italia.Israele"]},{"@type":"Person","@id":"https:\/\/www.italiaisraele.org\/#\/schema\/person\/7784c17a23e6ef9cb737f3192f043fab","name":"Giuseppe Crimaldi","image":{"@type":"ImageObject","inLanguage":"it-IT","@id":"https:\/\/secure.gravatar.com\/avatar\/a6ddf67481d5d5efef9847e6f4c99a77e7129e93382ea6de1e9ea96b8deec707?s=96&d=mm&r=g","url":"https:\/\/secure.gravatar.com\/avatar\/a6ddf67481d5d5efef9847e6f4c99a77e7129e93382ea6de1e9ea96b8deec707?s=96&d=mm&r=g","contentUrl":"https:\/\/secure.gravatar.com\/avatar\/a6ddf67481d5d5efef9847e6f4c99a77e7129e93382ea6de1e9ea96b8deec707?s=96&d=mm&r=g","caption":"Giuseppe Crimaldi"},"url":"https:\/\/www.italiaisraele.org\/?author=4"}]}},"_links":{"self":[{"href":"https:\/\/www.italiaisraele.org\/index.php?rest_route=\/wp\/v2\/posts\/1300","targetHints":{"allow":["GET"]}}],"collection":[{"href":"https:\/\/www.italiaisraele.org\/index.php?rest_route=\/wp\/v2\/posts"}],"about":[{"href":"https:\/\/www.italiaisraele.org\/index.php?rest_route=\/wp\/v2\/types\/post"}],"author":[{"embeddable":true,"href":"https:\/\/www.italiaisraele.org\/index.php?rest_route=\/wp\/v2\/users\/4"}],"replies":[{"embeddable":true,"href":"https:\/\/www.italiaisraele.org\/index.php?rest_route=%2Fwp%2Fv2%2Fcomments&post=1300"}],"version-history":[{"count":0,"href":"https:\/\/www.italiaisraele.org\/index.php?rest_route=\/wp\/v2\/posts\/1300\/revisions"}],"wp:featuredmedia":[{"embeddable":true,"href":"https:\/\/www.italiaisraele.org\/index.php?rest_route=\/wp\/v2\/media\/1301"}],"wp:attachment":[{"href":"https:\/\/www.italiaisraele.org\/index.php?rest_route=%2Fwp%2Fv2%2Fmedia&parent=1300"}],"wp:term":[{"taxonomy":"category","embeddable":true,"href":"https:\/\/www.italiaisraele.org\/index.php?rest_route=%2Fwp%2Fv2%2Fcategories&post=1300"},{"taxonomy":"post_tag","embeddable":true,"href":"https:\/\/www.italiaisraele.org\/index.php?rest_route=%2Fwp%2Fv2%2Ftags&post=1300"}],"curies":[{"name":"wp","href":"https:\/\/api.w.org\/{rel}","templated":true}]}}