{"id":1155,"date":"2024-04-28T21:42:43","date_gmt":"2024-04-28T19:42:43","guid":{"rendered":"https:\/\/www.italiaisraele.org\/?p=1155"},"modified":"2024-11-25T10:50:06","modified_gmt":"2024-11-25T09:50:06","slug":"in-america-i-giovani-pro-hamas-non-sanno-situare-israele-sullatlante","status":"publish","type":"post","link":"https:\/\/www.italiaisraele.org\/?p=1155","title":{"rendered":"In America i giovani pro-Hamas non sanno situare Israele sull\u2019atlante"},"content":{"rendered":"\n<p>di<em><strong> Federico Rampini*<\/strong><\/em><\/p>\n\n\n\n<figure class=\"wp-block-image size-full is-resized\"><img loading=\"lazy\" decoding=\"async\" width=\"720\" height=\"570\" src=\"https:\/\/www.italiaisraele.org\/wp-content\/uploads\/2024\/04\/federico-rampini.jpg\" alt=\"\" class=\"wp-image-1159\" style=\"width:358px;height:auto\" srcset=\"https:\/\/www.italiaisraele.org\/wp-content\/uploads\/2024\/04\/federico-rampini.jpg 720w, https:\/\/www.italiaisraele.org\/wp-content\/uploads\/2024\/04\/federico-rampini-300x238.jpg 300w, https:\/\/www.italiaisraele.org\/wp-content\/uploads\/2024\/04\/federico-rampini-600x475.jpg 600w\" sizes=\"auto, (max-width: 720px) 100vw, 720px\" \/><\/figure>\n\n\n\n<p>(<em>Federico Rampini<\/em>)<\/p>\n\n\n\n<p><strong><em>Manifestano nelle nostre piazze e universit\u00e0 sventolando bandiere palestinesi. Gridano lo slogan caro ai terroristi islamici di Hamas, che evoca l\u2019espulsione o lo sterminio degli ebrei in Israele: \u00abDal fiume al mare\u00bb. Ma se vengono interrogati su quale sia il fiume e quale il mare a cui allude quel grido di battaglia, tanti di quei giovani militanti rivelano una profonda ignoranza su tutto: geografia, storia, demografia del Medio Oriente.<\/em><\/strong><\/p>\n\n\n\n<p>Lo ha dimostrato un esperimento sul campo realizzato da un docente di uno degli atenei pi\u00f9 politicizzati d\u2019America, la University of California Berkeley, culla storica di grandi contestazioni giovanili fin dal Free Speech Movement del 1964.<\/p>\n\n\n\n<p>\u00c8 inevitabile ricordare una battuta che circolava due decenni fa negli Stati Uniti, all\u2019epoca degli interventi militari americani in Afghanistan (2001) e in Iraq (2003), battuta che poi fu resa celebre dal documentarista Michael Moore in uno dei suoi film-denuncia: \u00abGli americani invadono dei paesi che la maggioranza di loro non sa neppure situare su una carta geografica\u00bb. Il bersaglio di quel sarcasmo era l\u2019America di George W. Bush e dei neoconservatori, i falchi repubblicani che volevano rifare il Medio Oriente a immagine e somiglianza dell\u2019Occidente. Ora scopriamo che la stessa ironia si applica all\u2019altra America, quella della sinistra radicale che domina nei campus e nei cortei.<\/p>\n\n\n\n<figure class=\"wp-block-image size-full is-resized\"><img loading=\"lazy\" decoding=\"async\" width=\"500\" height=\"500\" src=\"https:\/\/www.italiaisraele.org\/wp-content\/uploads\/2024\/04\/Ron-Hassner.jpg\" alt=\"\" class=\"wp-image-1156\" style=\"width:317px;height:auto\" srcset=\"https:\/\/www.italiaisraele.org\/wp-content\/uploads\/2024\/04\/Ron-Hassner.jpg 500w, https:\/\/www.italiaisraele.org\/wp-content\/uploads\/2024\/04\/Ron-Hassner-300x300.jpg 300w, https:\/\/www.italiaisraele.org\/wp-content\/uploads\/2024\/04\/Ron-Hassner-150x150.jpg 150w\" sizes=\"auto, (max-width: 500px) 100vw, 500px\" \/><\/figure>\n\n\n\n<p><em>(il professor Ron Hassner<\/em>)<\/p>\n\n\n\n<p><strong><em>L\u2019esperimento<\/em><\/strong><br>L\u2019esperimento \u00e8 stato condotto da <strong>Ron Hassner<\/strong>, professore di Scienze politiche a <strong>Berkeley<\/strong>. Ha ingaggiato una societ\u00e0 specializzata nelle indagini demoscopiche, per realizzare una serie di sondaggi su un campione di 250 studenti, non solo di Berkeley bens\u00ec rappresentativi di diverse realt\u00e0 universitarie americane. I risultati hanno quindi una valenza nazionale e trasversale, non riflettono la situazione di un solo ateneo. Le domande partivano proprio da quello slogan apparso continuamente su striscioni e manifesti dal 7 ottobre in poi, e gridato in tanti cortei dai manifestanti filo-palestinesi: \u00abDal fiume al mare\u00bb. Il campione di studenti selezionato era composto per il 53% da giovani che appoggiano quello slogan e per il 33% da chi lo sostiene addirittura \u00abcon entusiasmo\u00bb. Quella frase fu resa popolare gi\u00e0 negli anni Sessanta dall\u2019Organizzazione per la liberazione palestinese (Olp) ai tempi in cui la dirigeva <strong>Yasser Arafat<\/strong>. Invoca la creazione di uno Stato della Palestina dal fiume Giordano al Mare Mediterraneo. Quindi la distruzione dello Stato d\u2019Israele, la deportazione (o l\u2019eliminazione) degli ebrei che vi abitano. Non una soluzione basata su due Stati. Oggi far proprio quello slogan significa schierarsi con la fazione pi\u00f9 estremista dei palestinesi, sostenere obiettivi e metodi di Hamas. Un passo che molti giovani americani non esitano a compiere.<\/p>\n\n\n\n<figure class=\"wp-block-image size-full\"><img loading=\"lazy\" decoding=\"async\" width=\"620\" height=\"511\" src=\"https:\/\/www.italiaisraele.org\/wp-content\/uploads\/2024\/04\/Arafat-Khomeini.jpg\" alt=\"\" class=\"wp-image-1160\" srcset=\"https:\/\/www.italiaisraele.org\/wp-content\/uploads\/2024\/04\/Arafat-Khomeini.jpg 620w, https:\/\/www.italiaisraele.org\/wp-content\/uploads\/2024\/04\/Arafat-Khomeini-300x247.jpg 300w, https:\/\/www.italiaisraele.org\/wp-content\/uploads\/2024\/04\/Arafat-Khomeini-600x495.jpg 600w\" sizes=\"auto, (max-width: 620px) 100vw, 620px\" \/><\/figure>\n\n\n\n<p>(<em>Yasser Arafat con Khomeini<\/em>)<\/p>\n\n\n\n<p>La prima domanda del sondaggio sul campione di studenti riguardava proprio l\u2019interpretazione letterale di quello slogan. Di quale fiume e di quale mare si tratta? <strong>Meno della met\u00e0 degli intervistati ha saputo nominare il fiume Giordano e il Mediterraneo<\/strong>. Una maggioranza ha dato risposte variegate che includevano perfino l\u2019Atlantico e il Mar dei Caraibi. In certi casi restavano un po\u2019 pi\u00f9 vicine, ma erano comunque sbagliate: Nilo, Eufrate, Mar Morto.<\/p>\n\n\n\n<p><strong>Tra le altre manifestazioni d\u2019ignoranza emerse dal questionario: un decimo degli studenti crede che Arafat fosse presidente d\u2019Israele<\/strong>; un quarto nega che siano mai esistiti gli accordi pace di Oslo (firmati nel 1993 e nel 1995 tra Israele e l\u2019Olp di Arafat). Il commento finale del professor Hassner di fronte a questi dati: \u00abNon bisogna vergognarsi di essere ignoranti, a meno che si urli in favore dello sterminio di milioni di persone\u00bb.<\/p>\n\n\n\n<p><strong><em>La possibilit\u00e0 di cambiare idea<\/em><\/strong><br>L\u2019esperimento per\u00f2 non si \u00e8 fermato a questa constatazione sull\u2019analfabetismo geografico, storico e geopolitico dei giovani (pur iscritti a facolt\u00e0 di \u00e9lite, costosissime). C\u2019\u00e8 un finale che pu\u00f2 rincuorare. L\u2019indagine demoscopica ha avuto una seconda fase. 80 di quegli studenti sono stati messi di fronte \u2013 sorpresa! \u2013 a una vera mappa del Medio Oriente, nonch\u00e9 alle informazioni essenziali sulla situazione locale. Scoprendo che lo slogan \u00abdal fiume al mare\u00bb auspica la sottomissione, deportazione o eliminazione di sette milioni di ebrei e due milioni di arabi-israeliani, il 68% degli studenti hanno modificato il proprio parere, rinunciando a sostenere quello slogan. <strong>\u00abQuegli studenti \u2013 osserva Hassner \u2013 non avevano mai visto una carta del Medio Oriente e ignoravano le basi elementari di geografia, storia, demografia\u00bb. Il docente nne trae una lezione ottimista: \u00abColoro che sperano di incoraggiare l\u2019estremismo si fondano sull\u2019ignoranza politica della loro audience. \u00c8 ora che i bravi insegnanti scendano in campo, combattendo i pregiudizi con l\u2019istruzione\u00bb.<\/strong><\/p>\n\n\n\n<p>Tuttavia un altro dato contrasta col suo ottimismo. All\u2019interno del campione di studenti intervistati, quelli che si auto-definiscono \u00abprogressisti\u00bb o della sinistra radicale, sono i meno disposti a cambiare opinione. In particolare, quando gli \u00e8 stato obiettato che lo slogan \u00abdal fiume al mare\u00bb viene percepito come aggressivo, minaccioso e razzista dai loro coetanei e compagni di studi ebrei, non hanno ritenuto di doverlo abbandonare.<\/p>\n\n\n\n<p>In un contesto universitario che da molti anni \u00e8 ipersensibile alle accuse di razzismo, questo \u00e8 allarmante. Si \u00e8 parlato di un ritorno di antisemitismo: fenomeno reale e grave. Questo si inserisce in un clima ideologico pi\u00f9 generale. I giovani dell\u2019estrema sinistra che dominano in molti campus hanno un pregiudizio anti-occidentale e anti-bianco. Israele e gli ebrei pagano un prezzo anche per il fatto di essere associati all\u2019Occidente e a tutto il male che gli si attribuisce.<\/p>\n\n\n\n<p>(<em>Pubblicato sul Corriere della Sera, 8\/12\/2023<\/em>)<\/p>\n","protected":false},"excerpt":{"rendered":"<p>di Federico Rampini* (Federico Rampini) Manifestano nelle nostre piazze e universit\u00e0 sventolando bandiere palestinesi. Gridano lo slogan caro ai terroristi islamici di Hamas, che evoca l\u2019espulsione o lo sterminio degli ebrei in Israele: \u00abDal fiume al mare\u00bb. Ma se vengono interrogati su quale sia il fiume e quale il mare a cui allude quel grido [&hellip;]<\/p>\n","protected":false},"author":2,"featured_media":1162,"comment_status":"open","ping_status":"closed","sticky":false,"template":"","format":"standard","meta":{"iawp_total_views":116,"footnotes":""},"categories":[4],"tags":[141,40,205,207],"class_list":["post-1155","post","type-post","status-publish","format-standard","has-post-thumbnail","hentry","category-attualita","tag-america","tag-antisemitismo","tag-federico-rampini","tag-hassner"],"yoast_head":"<!-- This site is optimized with the Yoast SEO plugin v27.5 - https:\/\/yoast.com\/product\/yoast-seo-wordpress\/ -->\r\n<title>In America i giovani pro-Hamas non sanno situare Israele sull\u2019atlante - Federazione Associazioni Italia Israele<\/title>\r\n<meta name=\"robots\" content=\"index, follow, max-snippet:-1, max-image-preview:large, max-video-preview:-1\" \/>\r\n<link rel=\"canonical\" href=\"https:\/\/www.italiaisraele.org\/?p=1155\" \/>\r\n<meta property=\"og:locale\" content=\"it_IT\" \/>\r\n<meta property=\"og:type\" content=\"article\" \/>\r\n<meta property=\"og:title\" content=\"In America i giovani pro-Hamas non sanno situare Israele sull\u2019atlante - Federazione Associazioni Italia Israele\" \/>\r\n<meta property=\"og:description\" content=\"di Federico Rampini* (Federico Rampini) Manifestano nelle nostre piazze e universit\u00e0 sventolando bandiere palestinesi. Gridano lo slogan caro ai terroristi islamici di Hamas, che evoca l\u2019espulsione o lo sterminio degli ebrei in Israele: \u00abDal fiume al mare\u00bb. Ma se vengono interrogati su quale sia il fiume e quale il mare a cui allude quel grido [&hellip;]\" \/>\r\n<meta property=\"og:url\" content=\"https:\/\/www.italiaisraele.org\/?p=1155\" \/>\r\n<meta property=\"og:site_name\" content=\"Federazione Associazioni Italia Israele\" \/>\r\n<meta property=\"article:publisher\" content=\"https:\/\/www.facebook.com\/Federazione.Associazioni.Italia.Israele\" \/>\r\n<meta property=\"article:published_time\" content=\"2024-04-28T19:42:43+00:00\" \/>\r\n<meta property=\"article:modified_time\" content=\"2024-11-25T09:50:06+00:00\" \/>\r\n<meta property=\"og:image\" content=\"https:\/\/www.italiaisraele.org\/wp-content\/uploads\/2024\/04\/freepalestine.jpg\" \/>\r\n\t<meta property=\"og:image:width\" content=\"1001\" \/>\r\n\t<meta property=\"og:image:height\" content=\"1001\" \/>\r\n\t<meta property=\"og:image:type\" content=\"image\/jpeg\" \/>\r\n<meta name=\"author\" content=\"Redazione\" \/>\r\n<meta name=\"twitter:card\" content=\"summary_large_image\" \/>\r\n<meta name=\"twitter:label1\" content=\"Scritto da\" \/>\n\t<meta name=\"twitter:data1\" content=\"Redazione\" \/>\n\t<meta name=\"twitter:label2\" content=\"Tempo di lettura stimato\" \/>\n\t<meta name=\"twitter:data2\" content=\"6 minuti\" \/>\r\n<script type=\"application\/ld+json\" class=\"yoast-schema-graph\">{\"@context\":\"https:\\\/\\\/schema.org\",\"@graph\":[{\"@type\":\"Article\",\"@id\":\"https:\\\/\\\/www.italiaisraele.org\\\/?p=1155#article\",\"isPartOf\":{\"@id\":\"https:\\\/\\\/www.italiaisraele.org\\\/?p=1155\"},\"author\":{\"name\":\"Redazione\",\"@id\":\"https:\\\/\\\/www.italiaisraele.org\\\/#\\\/schema\\\/person\\\/a58663d7e92468eb3e7d158e016946cd\"},\"headline\":\"In America i giovani pro-Hamas non sanno situare Israele sull\u2019atlante\",\"datePublished\":\"2024-04-28T19:42:43+00:00\",\"dateModified\":\"2024-11-25T09:50:06+00:00\",\"mainEntityOfPage\":{\"@id\":\"https:\\\/\\\/www.italiaisraele.org\\\/?p=1155\"},\"wordCount\":898,\"commentCount\":0,\"publisher\":{\"@id\":\"https:\\\/\\\/www.italiaisraele.org\\\/#organization\"},\"image\":{\"@id\":\"https:\\\/\\\/www.italiaisraele.org\\\/?p=1155#primaryimage\"},\"thumbnailUrl\":\"https:\\\/\\\/www.italiaisraele.org\\\/wp-content\\\/uploads\\\/2024\\\/04\\\/freepalestine.jpg\",\"keywords\":[\"America\",\"Antisemitismo\",\"Federico Rampini\",\"Hassner\"],\"articleSection\":[\"Attualit\u00e0\"],\"inLanguage\":\"it-IT\",\"potentialAction\":[{\"@type\":\"CommentAction\",\"name\":\"Comment\",\"target\":[\"https:\\\/\\\/www.italiaisraele.org\\\/?p=1155#respond\"]}]},{\"@type\":\"WebPage\",\"@id\":\"https:\\\/\\\/www.italiaisraele.org\\\/?p=1155\",\"url\":\"https:\\\/\\\/www.italiaisraele.org\\\/?p=1155\",\"name\":\"In America i giovani pro-Hamas non sanno situare Israele sull\u2019atlante - Federazione Associazioni Italia Israele\",\"isPartOf\":{\"@id\":\"https:\\\/\\\/www.italiaisraele.org\\\/#website\"},\"primaryImageOfPage\":{\"@id\":\"https:\\\/\\\/www.italiaisraele.org\\\/?p=1155#primaryimage\"},\"image\":{\"@id\":\"https:\\\/\\\/www.italiaisraele.org\\\/?p=1155#primaryimage\"},\"thumbnailUrl\":\"https:\\\/\\\/www.italiaisraele.org\\\/wp-content\\\/uploads\\\/2024\\\/04\\\/freepalestine.jpg\",\"datePublished\":\"2024-04-28T19:42:43+00:00\",\"dateModified\":\"2024-11-25T09:50:06+00:00\",\"breadcrumb\":{\"@id\":\"https:\\\/\\\/www.italiaisraele.org\\\/?p=1155#breadcrumb\"},\"inLanguage\":\"it-IT\",\"potentialAction\":[{\"@type\":\"ReadAction\",\"target\":[\"https:\\\/\\\/www.italiaisraele.org\\\/?p=1155\"]}]},{\"@type\":\"ImageObject\",\"inLanguage\":\"it-IT\",\"@id\":\"https:\\\/\\\/www.italiaisraele.org\\\/?p=1155#primaryimage\",\"url\":\"https:\\\/\\\/www.italiaisraele.org\\\/wp-content\\\/uploads\\\/2024\\\/04\\\/freepalestine.jpg\",\"contentUrl\":\"https:\\\/\\\/www.italiaisraele.org\\\/wp-content\\\/uploads\\\/2024\\\/04\\\/freepalestine.jpg\",\"width\":1001,\"height\":1001},{\"@type\":\"BreadcrumbList\",\"@id\":\"https:\\\/\\\/www.italiaisraele.org\\\/?p=1155#breadcrumb\",\"itemListElement\":[{\"@type\":\"ListItem\",\"position\":1,\"name\":\"Home\",\"item\":\"https:\\\/\\\/www.italiaisraele.org\\\/\"},{\"@type\":\"ListItem\",\"position\":2,\"name\":\"In America i giovani pro-Hamas non sanno situare Israele sull\u2019atlante\"}]},{\"@type\":\"WebSite\",\"@id\":\"https:\\\/\\\/www.italiaisraele.org\\\/#website\",\"url\":\"https:\\\/\\\/www.italiaisraele.org\\\/\",\"name\":\"News Italia - Israele\",\"description\":\"Italia Israele Today - Magazine\",\"publisher\":{\"@id\":\"https:\\\/\\\/www.italiaisraele.org\\\/#organization\"},\"potentialAction\":[{\"@type\":\"SearchAction\",\"target\":{\"@type\":\"EntryPoint\",\"urlTemplate\":\"https:\\\/\\\/www.italiaisraele.org\\\/?s={search_term_string}\"},\"query-input\":{\"@type\":\"PropertyValueSpecification\",\"valueRequired\":true,\"valueName\":\"search_term_string\"}}],\"inLanguage\":\"it-IT\"},{\"@type\":\"Organization\",\"@id\":\"https:\\\/\\\/www.italiaisraele.org\\\/#organization\",\"name\":\"News Italia - Israele\",\"url\":\"https:\\\/\\\/www.italiaisraele.org\\\/\",\"logo\":{\"@type\":\"ImageObject\",\"inLanguage\":\"it-IT\",\"@id\":\"https:\\\/\\\/www.italiaisraele.org\\\/#\\\/schema\\\/logo\\\/image\\\/\",\"url\":\"https:\\\/\\\/www.italiaisraele.org\\\/wp-content\\\/uploads\\\/2024\\\/02\\\/cropped-cropped-TESTATA-NEWS-2.jpg\",\"contentUrl\":\"https:\\\/\\\/www.italiaisraele.org\\\/wp-content\\\/uploads\\\/2024\\\/02\\\/cropped-cropped-TESTATA-NEWS-2.jpg\",\"width\":1918,\"height\":291,\"caption\":\"News Italia - Israele\"},\"image\":{\"@id\":\"https:\\\/\\\/www.italiaisraele.org\\\/#\\\/schema\\\/logo\\\/image\\\/\"},\"sameAs\":[\"https:\\\/\\\/www.facebook.com\\\/Federazione.Associazioni.Italia.Israele\"]},{\"@type\":\"Person\",\"@id\":\"https:\\\/\\\/www.italiaisraele.org\\\/#\\\/schema\\\/person\\\/a58663d7e92468eb3e7d158e016946cd\",\"name\":\"Redazione\",\"image\":{\"@type\":\"ImageObject\",\"inLanguage\":\"it-IT\",\"@id\":\"https:\\\/\\\/secure.gravatar.com\\\/avatar\\\/fe11715b332cc423bb3991a005da4d50b44647eec21b11abddd059d3deafc450?s=96&d=mm&r=g\",\"url\":\"https:\\\/\\\/secure.gravatar.com\\\/avatar\\\/fe11715b332cc423bb3991a005da4d50b44647eec21b11abddd059d3deafc450?s=96&d=mm&r=g\",\"contentUrl\":\"https:\\\/\\\/secure.gravatar.com\\\/avatar\\\/fe11715b332cc423bb3991a005da4d50b44647eec21b11abddd059d3deafc450?s=96&d=mm&r=g\",\"caption\":\"Redazione\"},\"url\":\"https:\\\/\\\/www.italiaisraele.org\\\/?author=2\"}]}<\/script>\r\n<!-- \/ Yoast SEO plugin. -->","yoast_head_json":{"title":"In America i giovani pro-Hamas non sanno situare Israele sull\u2019atlante - Federazione Associazioni Italia Israele","robots":{"index":"index","follow":"follow","max-snippet":"max-snippet:-1","max-image-preview":"max-image-preview:large","max-video-preview":"max-video-preview:-1"},"canonical":"https:\/\/www.italiaisraele.org\/?p=1155","og_locale":"it_IT","og_type":"article","og_title":"In America i giovani pro-Hamas non sanno situare Israele sull\u2019atlante - Federazione Associazioni Italia Israele","og_description":"di Federico Rampini* (Federico Rampini) Manifestano nelle nostre piazze e universit\u00e0 sventolando bandiere palestinesi. Gridano lo slogan caro ai terroristi islamici di Hamas, che evoca l\u2019espulsione o lo sterminio degli ebrei in Israele: \u00abDal fiume al mare\u00bb. Ma se vengono interrogati su quale sia il fiume e quale il mare a cui allude quel grido [&hellip;]","og_url":"https:\/\/www.italiaisraele.org\/?p=1155","og_site_name":"Federazione Associazioni Italia Israele","article_publisher":"https:\/\/www.facebook.com\/Federazione.Associazioni.Italia.Israele","article_published_time":"2024-04-28T19:42:43+00:00","article_modified_time":"2024-11-25T09:50:06+00:00","og_image":[{"width":1001,"height":1001,"url":"https:\/\/www.italiaisraele.org\/wp-content\/uploads\/2024\/04\/freepalestine.jpg","type":"image\/jpeg"}],"author":"Redazione","twitter_card":"summary_large_image","twitter_misc":{"Scritto da":"Redazione","Tempo di lettura stimato":"6 minuti"},"schema":{"@context":"https:\/\/schema.org","@graph":[{"@type":"Article","@id":"https:\/\/www.italiaisraele.org\/?p=1155#article","isPartOf":{"@id":"https:\/\/www.italiaisraele.org\/?p=1155"},"author":{"name":"Redazione","@id":"https:\/\/www.italiaisraele.org\/#\/schema\/person\/a58663d7e92468eb3e7d158e016946cd"},"headline":"In America i giovani pro-Hamas non sanno situare Israele sull\u2019atlante","datePublished":"2024-04-28T19:42:43+00:00","dateModified":"2024-11-25T09:50:06+00:00","mainEntityOfPage":{"@id":"https:\/\/www.italiaisraele.org\/?p=1155"},"wordCount":898,"commentCount":0,"publisher":{"@id":"https:\/\/www.italiaisraele.org\/#organization"},"image":{"@id":"https:\/\/www.italiaisraele.org\/?p=1155#primaryimage"},"thumbnailUrl":"https:\/\/www.italiaisraele.org\/wp-content\/uploads\/2024\/04\/freepalestine.jpg","keywords":["America","Antisemitismo","Federico Rampini","Hassner"],"articleSection":["Attualit\u00e0"],"inLanguage":"it-IT","potentialAction":[{"@type":"CommentAction","name":"Comment","target":["https:\/\/www.italiaisraele.org\/?p=1155#respond"]}]},{"@type":"WebPage","@id":"https:\/\/www.italiaisraele.org\/?p=1155","url":"https:\/\/www.italiaisraele.org\/?p=1155","name":"In America i giovani pro-Hamas non sanno situare Israele sull\u2019atlante - Federazione Associazioni Italia Israele","isPartOf":{"@id":"https:\/\/www.italiaisraele.org\/#website"},"primaryImageOfPage":{"@id":"https:\/\/www.italiaisraele.org\/?p=1155#primaryimage"},"image":{"@id":"https:\/\/www.italiaisraele.org\/?p=1155#primaryimage"},"thumbnailUrl":"https:\/\/www.italiaisraele.org\/wp-content\/uploads\/2024\/04\/freepalestine.jpg","datePublished":"2024-04-28T19:42:43+00:00","dateModified":"2024-11-25T09:50:06+00:00","breadcrumb":{"@id":"https:\/\/www.italiaisraele.org\/?p=1155#breadcrumb"},"inLanguage":"it-IT","potentialAction":[{"@type":"ReadAction","target":["https:\/\/www.italiaisraele.org\/?p=1155"]}]},{"@type":"ImageObject","inLanguage":"it-IT","@id":"https:\/\/www.italiaisraele.org\/?p=1155#primaryimage","url":"https:\/\/www.italiaisraele.org\/wp-content\/uploads\/2024\/04\/freepalestine.jpg","contentUrl":"https:\/\/www.italiaisraele.org\/wp-content\/uploads\/2024\/04\/freepalestine.jpg","width":1001,"height":1001},{"@type":"BreadcrumbList","@id":"https:\/\/www.italiaisraele.org\/?p=1155#breadcrumb","itemListElement":[{"@type":"ListItem","position":1,"name":"Home","item":"https:\/\/www.italiaisraele.org\/"},{"@type":"ListItem","position":2,"name":"In America i giovani pro-Hamas non sanno situare Israele sull\u2019atlante"}]},{"@type":"WebSite","@id":"https:\/\/www.italiaisraele.org\/#website","url":"https:\/\/www.italiaisraele.org\/","name":"News Italia - Israele","description":"Italia Israele Today - Magazine","publisher":{"@id":"https:\/\/www.italiaisraele.org\/#organization"},"potentialAction":[{"@type":"SearchAction","target":{"@type":"EntryPoint","urlTemplate":"https:\/\/www.italiaisraele.org\/?s={search_term_string}"},"query-input":{"@type":"PropertyValueSpecification","valueRequired":true,"valueName":"search_term_string"}}],"inLanguage":"it-IT"},{"@type":"Organization","@id":"https:\/\/www.italiaisraele.org\/#organization","name":"News Italia - Israele","url":"https:\/\/www.italiaisraele.org\/","logo":{"@type":"ImageObject","inLanguage":"it-IT","@id":"https:\/\/www.italiaisraele.org\/#\/schema\/logo\/image\/","url":"https:\/\/www.italiaisraele.org\/wp-content\/uploads\/2024\/02\/cropped-cropped-TESTATA-NEWS-2.jpg","contentUrl":"https:\/\/www.italiaisraele.org\/wp-content\/uploads\/2024\/02\/cropped-cropped-TESTATA-NEWS-2.jpg","width":1918,"height":291,"caption":"News Italia - Israele"},"image":{"@id":"https:\/\/www.italiaisraele.org\/#\/schema\/logo\/image\/"},"sameAs":["https:\/\/www.facebook.com\/Federazione.Associazioni.Italia.Israele"]},{"@type":"Person","@id":"https:\/\/www.italiaisraele.org\/#\/schema\/person\/a58663d7e92468eb3e7d158e016946cd","name":"Redazione","image":{"@type":"ImageObject","inLanguage":"it-IT","@id":"https:\/\/secure.gravatar.com\/avatar\/fe11715b332cc423bb3991a005da4d50b44647eec21b11abddd059d3deafc450?s=96&d=mm&r=g","url":"https:\/\/secure.gravatar.com\/avatar\/fe11715b332cc423bb3991a005da4d50b44647eec21b11abddd059d3deafc450?s=96&d=mm&r=g","contentUrl":"https:\/\/secure.gravatar.com\/avatar\/fe11715b332cc423bb3991a005da4d50b44647eec21b11abddd059d3deafc450?s=96&d=mm&r=g","caption":"Redazione"},"url":"https:\/\/www.italiaisraele.org\/?author=2"}]}},"_links":{"self":[{"href":"https:\/\/www.italiaisraele.org\/index.php?rest_route=\/wp\/v2\/posts\/1155","targetHints":{"allow":["GET"]}}],"collection":[{"href":"https:\/\/www.italiaisraele.org\/index.php?rest_route=\/wp\/v2\/posts"}],"about":[{"href":"https:\/\/www.italiaisraele.org\/index.php?rest_route=\/wp\/v2\/types\/post"}],"author":[{"embeddable":true,"href":"https:\/\/www.italiaisraele.org\/index.php?rest_route=\/wp\/v2\/users\/2"}],"replies":[{"embeddable":true,"href":"https:\/\/www.italiaisraele.org\/index.php?rest_route=%2Fwp%2Fv2%2Fcomments&post=1155"}],"version-history":[{"count":0,"href":"https:\/\/www.italiaisraele.org\/index.php?rest_route=\/wp\/v2\/posts\/1155\/revisions"}],"wp:featuredmedia":[{"embeddable":true,"href":"https:\/\/www.italiaisraele.org\/index.php?rest_route=\/wp\/v2\/media\/1162"}],"wp:attachment":[{"href":"https:\/\/www.italiaisraele.org\/index.php?rest_route=%2Fwp%2Fv2%2Fmedia&parent=1155"}],"wp:term":[{"taxonomy":"category","embeddable":true,"href":"https:\/\/www.italiaisraele.org\/index.php?rest_route=%2Fwp%2Fv2%2Fcategories&post=1155"},{"taxonomy":"post_tag","embeddable":true,"href":"https:\/\/www.italiaisraele.org\/index.php?rest_route=%2Fwp%2Fv2%2Ftags&post=1155"}],"curies":[{"name":"wp","href":"https:\/\/api.w.org\/{rel}","templated":true}]}}